{"id":3290,"date":"2016-04-04T17:27:08","date_gmt":"2016-04-04T17:27:08","guid":{"rendered":"http:\/\/face.unt.edu.ar\/web\/?p=3290"},"modified":"2016-04-06T11:54:01","modified_gmt":"2016-04-06T11:54:01","slug":"charla-sobre-becas-para-estudiantes","status":"publish","type":"post","link":"https:\/\/face.unt.edu.ar\/web\/blog\/charla-sobre-becas-para-estudiantes\/","title":{"rendered":"Charla sobre Becas para Estudiantes"},"content":{"rendered":"<p>La charla es el <strong>mi\u00e9rcoles 6 de abril de 19 a 21 horas en el Aula Magna<\/strong>.<\/p>\n<p><strong>AIESEC Argentina<\/strong> invita a participar de la<strong> Charla \u201cEmprend\u00e9 tu Futuro\u201d<\/strong>, que se va a desarrollar de manera simult\u00e1nea en 5 provincias de nuestro pa\u00eds: C\u00f3rdoba, Tucum\u00e1n, Mendoza, Buenos Aires y Rosario. Se realizar\u00e1 \u00a0el pr\u00f3ximo mi\u00e9rcoles 6 de abril, de 19 a 21 horas.<\/p>\n<p>En esta oportunidad disertar\u00e1n Emprendedores que contar\u00e1n: qu\u00e9 es Emprender, c\u00f3mo empezaron y cu\u00e1l es su Proyecto. Con el objetivo de dar a conocer de qu\u00e9 se trata el ecosistema emprendedor y las oportunidades de trabajo en el exterior que AIESEC ofrece.<\/p>\n<p>Por inscripciones ingresar al siguiente link:\u00a0<a href=\"http:\/\/bit.ly\/EmprendeTuFuturo\">http:\/\/bit.ly\/EmprendeTuFuturo<\/a><\/p>\n<p>Adem\u00e1s de la presentaci\u00f3n de AIESEC, la Secretar\u00eda de Bienestar Estudiantil de nuestra Facultad, informar\u00e1 sobre:<\/p>\n<p>&#8211; Becas Escala de intercambio estudiantil con el Grupo Montevideo<\/p>\n<p>&#8211; Becas Fundaci\u00f3n Carolina<\/p>\n<p>&#8211; Becas JIMA<\/p>\n<p>&#8211; Becas Embajada de los Estados Unidos<\/p>\n<p>&nbsp;<\/p>\n","protected":false},"excerpt":{"rendered":"<p>La charla es el mi\u00e9rcoles 6 de abril de 19 a 21 horas en el Aula Magna. AIESEC Argentina invita a participar de la Charla \u201cEmprend\u00e9 tu Futuro\u201d, que se va a desarrollar de manera simult\u00e1nea en 5 provincias de nuestro pa\u00eds: C\u00f3rdoba, Tucum\u00e1n, Mendoza, Buenos Aires y Rosario. Se realizar\u00e1 \u00a0el pr\u00f3ximo mi\u00e9rcoles 6 [&hellip;]<\/p>\n","protected":false},"author":2,"featured_media":3300,"comment_status":"open","ping_status":"open","sticky":false,"template":"","format":"standard","meta":{"_et_pb_use_builder":"","_et_pb_old_content":"","_et_gb_content_width":"","footnotes":""},"categories":[4],"tags":[],"_links":{"self":[{"href":"https:\/\/face.unt.edu.ar\/web\/wp-json\/wp\/v2\/posts\/3290"}],"collection":[{"href":"https:\/\/face.unt.edu.ar\/web\/wp-json\/wp\/v2\/posts"}],"about":[{"href":"https:\/\/face.unt.edu.ar\/web\/wp-json\/wp\/v2\/types\/post"}],"author":[{"embeddable":true,"href":"https:\/\/face.unt.edu.ar\/web\/wp-json\/wp\/v2\/users\/2"}],"replies":[{"embeddable":true,"href":"https:\/\/face.unt.edu.ar\/web\/wp-json\/wp\/v2\/comments?post=3290"}],"version-history":[{"count":1,"href":"https:\/\/face.unt.edu.ar\/web\/wp-json\/wp\/v2\/posts\/3290\/revisions"}],"predecessor-version":[{"id":3292,"href":"https:\/\/face.unt.edu.ar\/web\/wp-json\/wp\/v2\/posts\/3290\/revisions\/3292"}],"wp:featuredmedia":[{"embeddable":true,"href":"https:\/\/face.unt.edu.ar\/web\/wp-json\/wp\/v2\/media\/3300"}],"wp:attachment":[{"href":"https:\/\/face.unt.edu.ar\/web\/wp-json\/wp\/v2\/media?parent=3290"}],"wp:term":[{"taxonomy":"category","embeddable":true,"href":"https:\/\/face.unt.edu.ar\/web\/wp-json\/wp\/v2\/categories?post=3290"},{"taxonomy":"post_tag","embeddable":true,"href":"https:\/\/face.unt.edu.ar\/web\/wp-json\/wp\/v2\/tags?post=3290"}],"curies":[{"name":"wp","href":"https:\/\/api.w.org\/{rel}","templated":true}]}}