{"id":3392,"date":"2016-04-21T20:07:58","date_gmt":"2016-04-21T20:07:58","guid":{"rendered":"http:\/\/face.unt.edu.ar\/web\/?p=3392"},"modified":"2016-04-21T20:07:58","modified_gmt":"2016-04-21T20:07:58","slug":"convocatorias-a-becas-de-la-fundacion-botin","status":"publish","type":"post","link":"https:\/\/face.unt.edu.ar\/web\/blog\/convocatorias-a-becas-de-la-fundacion-botin\/","title":{"rendered":"Convocatorias a Becas de la Fundaci\u00f3n Bot\u00edn"},"content":{"rendered":"<p>La Fundaci\u00f3n Bot\u00edn inicia la <strong>VII Edici\u00f3n<\/strong> del <strong>\u00abPrograma para el Fortalecimiento de la Funci\u00f3n P\u00fablica en Am\u00e9rica Latina\u00bb<\/strong>. El mismo est\u00e1 dirigido a estudiantes de entre 19 y 23 a\u00f1os, quienes tienen tiempo de inscribirse hasta el 16 de junio.<!--more--><br \/>\nPara dicha convocatoria, ser\u00e1n seleccionados estudiantes universitarios de alto potencial orientados al servicio y funci\u00f3n p\u00fablica. Se trata de un <strong>programa presencial que se desarrollar\u00e1 en la sede de la misma fundaci\u00f3n en Madrid, a partir del 14 de octubre, y que finalizar\u00e1 el 30 de noviembre en la Fundaci\u00f3n Getulio Vargas, en Brasil.<\/strong><br \/>\nEl programa tiene por objetivo fortalecer esta vocaci\u00f3n a trav\u00e9s de la formaci\u00f3n en conocimientos, aptitudes y competencias necesarias en el buen ejercicio de la funci\u00f3n p\u00fablica.<br \/>\nLa Fundaci\u00f3n Bot\u00edn cubre los costos de programa, traslado, alojamiento y manutenci\u00f3n. La convocatoria estar\u00e1 abierta hasta el d\u00eda 16 de junio, public\u00e1ndose el 19 de julio la lista de los candidatos seleccionados.<br \/>\nPara consultar las bases de la convocatoria y por inscripciones, los interesados deben dirigirse a\u00a0<a href=\"http:\/\/www.fundacionbotin.org\/fortalecimiento\/programa-de-fortalecimiento-para-la-fundacion-publica-en-america-latina.html\">http:\/\/www.fundacionbotin.org\/fortalecimiento\/programa-de-fortalecimiento-para-la-fundacion-publica-en-america-latina.html<\/a><\/p>\n","protected":false},"excerpt":{"rendered":"<p>La Fundaci\u00f3n Bot\u00edn inicia la VII Edici\u00f3n del \u00abPrograma para el Fortalecimiento de la Funci\u00f3n P\u00fablica en Am\u00e9rica Latina\u00bb. El mismo est\u00e1 dirigido a estudiantes de entre 19 y 23 a\u00f1os, quienes tienen tiempo de inscribirse hasta el 16 de junio.<\/p>\n","protected":false},"author":3,"featured_media":3401,"comment_status":"open","ping_status":"open","sticky":false,"template":"","format":"standard","meta":{"_et_pb_use_builder":"","_et_pb_old_content":"","_et_gb_content_width":"","footnotes":""},"categories":[4],"tags":[],"_links":{"self":[{"href":"https:\/\/face.unt.edu.ar\/web\/wp-json\/wp\/v2\/posts\/3392"}],"collection":[{"href":"https:\/\/face.unt.edu.ar\/web\/wp-json\/wp\/v2\/posts"}],"about":[{"href":"https:\/\/face.unt.edu.ar\/web\/wp-json\/wp\/v2\/types\/post"}],"author":[{"embeddable":true,"href":"https:\/\/face.unt.edu.ar\/web\/wp-json\/wp\/v2\/users\/3"}],"replies":[{"embeddable":true,"href":"https:\/\/face.unt.edu.ar\/web\/wp-json\/wp\/v2\/comments?post=3392"}],"version-history":[{"count":2,"href":"https:\/\/face.unt.edu.ar\/web\/wp-json\/wp\/v2\/posts\/3392\/revisions"}],"predecessor-version":[{"id":3394,"href":"https:\/\/face.unt.edu.ar\/web\/wp-json\/wp\/v2\/posts\/3392\/revisions\/3394"}],"wp:featuredmedia":[{"embeddable":true,"href":"https:\/\/face.unt.edu.ar\/web\/wp-json\/wp\/v2\/media\/3401"}],"wp:attachment":[{"href":"https:\/\/face.unt.edu.ar\/web\/wp-json\/wp\/v2\/media?parent=3392"}],"wp:term":[{"taxonomy":"category","embeddable":true,"href":"https:\/\/face.unt.edu.ar\/web\/wp-json\/wp\/v2\/categories?post=3392"},{"taxonomy":"post_tag","embeddable":true,"href":"https:\/\/face.unt.edu.ar\/web\/wp-json\/wp\/v2\/tags?post=3392"}],"curies":[{"name":"wp","href":"https:\/\/api.w.org\/{rel}","templated":true}]}}