{"id":3421,"date":"2016-05-02T14:39:34","date_gmt":"2016-05-02T14:39:34","guid":{"rendered":"http:\/\/face.unt.edu.ar\/web\/?p=3421"},"modified":"2016-05-02T15:05:19","modified_gmt":"2016-05-02T15:05:19","slug":"curso-de-extension-emprendedores-de-la-idea-a-la-accion","status":"publish","type":"post","link":"https:\/\/face.unt.edu.ar\/web\/blog\/curso-de-extension-emprendedores-de-la-idea-a-la-accion\/","title":{"rendered":"Curso de Extensi\u00f3n \u201cEmprendedores: de la idea a la acci\u00f3n\u201d"},"content":{"rendered":"<p>Desde el 10 de mayo se dictar\u00e1 el Curso de Extensi\u00f3n \u201cEmprendedores: de la idea a la acci\u00f3n\u201d, que estar\u00e1 a cargo del Prof. V\u00edctor Mart\u00ednez, docente de la C\u00e1tedra de Administraci\u00f3n.<\/p>\n<p>Se desarrollar\u00e1 en cuatro encuentros los d\u00edas 10, 11, 17 y 18 de mayo, de 18: 30 a 21:30 horas.<\/p>\n<p>Las tem\u00e1ticas que se tratar\u00e1n en el curso est\u00e1n relacionadas a: Ser Emprendedor; el armado de un Plan de Negocios y llevar este Plan a la pr\u00e1ctica.<\/p>\n<p>Las inscripciones se realizan online <a href=\"http:\/\/tiny.cc\/cursoemprendedores\" target=\"_blank\">http:\/\/tiny.cc\/cursoemprendedores<\/a><\/p>\n<p>El costo del curso es de $900. Cabe aclarar que se prorrog\u00f3 la fecha y \u00a0hasta el viernes 06 de mayo, abonar\u00e1n con descuento por pago anticipado, siendo hasta esa fecha el costo $800. Adem\u00e1s habr\u00e1 un 50% de descuento para estudiantes de la Facultad y 30% de descuento para docentes y no docentes de nuestra Casa.<\/p>\n<p>Por informes y por pago del arancel, los interesados pueden dirigirse a la Asociaci\u00f3n Cooperadora de la Facultad, de lunes a viernes de 8 a 13 horas y de 16 a 19:30 horas. Tambi\u00e9n pueden llamar al tel\u00e9fono 4107557 o enviar un correo electr\u00f3nico a <a href=\"mailto:insadmi@face.unt.edu.ar\">insadmi@face.unt.edu.ar<\/a><\/p>\n<p>&nbsp;<\/p>\n<p><a href=\"http:\/\/face.unt.edu.ar\/web\/wp-content\/uploads\/2016\/05\/Flyer-Emprendedores-de-la-idea-a-la-accion-2.jpg\"><img decoding=\"async\" loading=\"lazy\" class=\"alignnone size-medium wp-image-3425\" src=\"http:\/\/face.unt.edu.ar\/web\/wp-content\/uploads\/2016\/05\/Flyer-Emprendedores-de-la-idea-a-la-accion-2-173x300.jpg\" alt=\"Flyer Emprendedores-de la idea a la accion 2\" width=\"173\" height=\"300\" srcset=\"https:\/\/face.unt.edu.ar\/web\/wp-content\/uploads\/2016\/05\/Flyer-Emprendedores-de-la-idea-a-la-accion-2-173x300.jpg 173w, https:\/\/face.unt.edu.ar\/web\/wp-content\/uploads\/2016\/05\/Flyer-Emprendedores-de-la-idea-a-la-accion-2-591x1024.jpg 591w, https:\/\/face.unt.edu.ar\/web\/wp-content\/uploads\/2016\/05\/Flyer-Emprendedores-de-la-idea-a-la-accion-2.jpg 900w\" sizes=\"(max-width: 173px) 100vw, 173px\" \/><\/a><\/p>\n<p>&nbsp;<\/p>\n","protected":false},"excerpt":{"rendered":"<p>Desde el 10 de mayo se dictar\u00e1 el Curso de Extensi\u00f3n \u201cEmprendedores: de la idea a la acci\u00f3n\u201d, que estar\u00e1 a cargo del Prof. V\u00edctor Mart\u00ednez, docente de la C\u00e1tedra de Administraci\u00f3n. Se desarrollar\u00e1 en cuatro encuentros los d\u00edas 10, 11, 17 y 18 de mayo, de 18: 30 a 21:30 horas. Las tem\u00e1ticas que [&hellip;]<\/p>\n","protected":false},"author":2,"featured_media":3422,"comment_status":"open","ping_status":"open","sticky":false,"template":"","format":"standard","meta":{"_et_pb_use_builder":"","_et_pb_old_content":"","_et_gb_content_width":"","footnotes":""},"categories":[4],"tags":[],"_links":{"self":[{"href":"https:\/\/face.unt.edu.ar\/web\/wp-json\/wp\/v2\/posts\/3421"}],"collection":[{"href":"https:\/\/face.unt.edu.ar\/web\/wp-json\/wp\/v2\/posts"}],"about":[{"href":"https:\/\/face.unt.edu.ar\/web\/wp-json\/wp\/v2\/types\/post"}],"author":[{"embeddable":true,"href":"https:\/\/face.unt.edu.ar\/web\/wp-json\/wp\/v2\/users\/2"}],"replies":[{"embeddable":true,"href":"https:\/\/face.unt.edu.ar\/web\/wp-json\/wp\/v2\/comments?post=3421"}],"version-history":[{"count":4,"href":"https:\/\/face.unt.edu.ar\/web\/wp-json\/wp\/v2\/posts\/3421\/revisions"}],"predecessor-version":[{"id":3430,"href":"https:\/\/face.unt.edu.ar\/web\/wp-json\/wp\/v2\/posts\/3421\/revisions\/3430"}],"wp:featuredmedia":[{"embeddable":true,"href":"https:\/\/face.unt.edu.ar\/web\/wp-json\/wp\/v2\/media\/3422"}],"wp:attachment":[{"href":"https:\/\/face.unt.edu.ar\/web\/wp-json\/wp\/v2\/media?parent=3421"}],"wp:term":[{"taxonomy":"category","embeddable":true,"href":"https:\/\/face.unt.edu.ar\/web\/wp-json\/wp\/v2\/categories?post=3421"},{"taxonomy":"post_tag","embeddable":true,"href":"https:\/\/face.unt.edu.ar\/web\/wp-json\/wp\/v2\/tags?post=3421"}],"curies":[{"name":"wp","href":"https:\/\/api.w.org\/{rel}","templated":true}]}}