{"id":356,"date":"2014-08-25T14:36:57","date_gmt":"2014-08-25T14:36:57","guid":{"rendered":"http:\/\/face.unt.edu.ar\/web\/?p=356"},"modified":"2014-08-26T19:07:02","modified_gmt":"2014-08-26T19:07:02","slug":"jose-luis-jimenez-decano-de-la-face-da-la-bienvenida-al-2o-semestre-2014","status":"publish","type":"post","link":"https:\/\/face.unt.edu.ar\/web\/blog\/jose-luis-jimenez-decano-de-la-face-da-la-bienvenida-al-2o-semestre-2014\/","title":{"rendered":"Jos\u00e9 Luis Jim\u00e9nez, Decano de la FACE, da la bienvenida al 2\u00ba semestre 2014"},"content":{"rendered":"<p>El Decano de la Facultad de Ciencias Econ\u00f3micas de la UNT, Cr. Jos\u00e9 Luis Jim\u00e9nez, da la bienvenida al segundo semestre del presente ciclo lectivo.<!--more--><\/p>\n<p>Un mensaje dirigido a los alumnos de nuestra Casa de Estudios y los mejores augurios a los futuros profesionales que de aqu\u00ed surgir\u00e1n.<\/p>\n<p>&nbsp;<\/p>\n<p><iframe loading=\"lazy\" title=\"FACE UNT BIENVENIDA AL SEGUNDO SEMESTRE 2014\" width=\"1080\" height=\"810\" src=\"https:\/\/www.youtube.com\/embed\/KVagiGMZf0g?feature=oembed\"  allow=\"accelerometer; autoplay; clipboard-write; encrypted-media; gyroscope; picture-in-picture; web-share\" referrerpolicy=\"strict-origin-when-cross-origin\" allowfullscreen><\/iframe><\/p>\n<p>&nbsp;<\/p>\n<p>&nbsp;<\/p>\n","protected":false},"excerpt":{"rendered":"<p>El Decano de la Facultad de Ciencias Econ\u00f3micas de la UNT, Cr. Jos\u00e9 Luis Jim\u00e9nez, da la bienvenida al segundo semestre del presente ciclo lectivo.<\/p>\n","protected":false},"author":2,"featured_media":410,"comment_status":"open","ping_status":"open","sticky":false,"template":"","format":"standard","meta":{"_et_pb_use_builder":"","_et_pb_old_content":"","_et_gb_content_width":"","footnotes":""},"categories":[4],"tags":[],"_links":{"self":[{"href":"https:\/\/face.unt.edu.ar\/web\/wp-json\/wp\/v2\/posts\/356"}],"collection":[{"href":"https:\/\/face.unt.edu.ar\/web\/wp-json\/wp\/v2\/posts"}],"about":[{"href":"https:\/\/face.unt.edu.ar\/web\/wp-json\/wp\/v2\/types\/post"}],"author":[{"embeddable":true,"href":"https:\/\/face.unt.edu.ar\/web\/wp-json\/wp\/v2\/users\/2"}],"replies":[{"embeddable":true,"href":"https:\/\/face.unt.edu.ar\/web\/wp-json\/wp\/v2\/comments?post=356"}],"version-history":[{"count":5,"href":"https:\/\/face.unt.edu.ar\/web\/wp-json\/wp\/v2\/posts\/356\/revisions"}],"predecessor-version":[{"id":411,"href":"https:\/\/face.unt.edu.ar\/web\/wp-json\/wp\/v2\/posts\/356\/revisions\/411"}],"wp:featuredmedia":[{"embeddable":true,"href":"https:\/\/face.unt.edu.ar\/web\/wp-json\/wp\/v2\/media\/410"}],"wp:attachment":[{"href":"https:\/\/face.unt.edu.ar\/web\/wp-json\/wp\/v2\/media?parent=356"}],"wp:term":[{"taxonomy":"category","embeddable":true,"href":"https:\/\/face.unt.edu.ar\/web\/wp-json\/wp\/v2\/categories?post=356"},{"taxonomy":"post_tag","embeddable":true,"href":"https:\/\/face.unt.edu.ar\/web\/wp-json\/wp\/v2\/tags?post=356"}],"curies":[{"name":"wp","href":"https:\/\/api.w.org\/{rel}","templated":true}]}}