{"id":3620,"date":"2016-06-06T04:13:43","date_gmt":"2016-06-06T04:13:43","guid":{"rendered":"http:\/\/face.unt.edu.ar\/web\/?p=3620"},"modified":"2016-06-06T04:13:43","modified_gmt":"2016-06-06T04:13:43","slug":"charla-debate-economia-politica-y-poder-monopolico-a-cargo-del-dr-hugo-ferullo","status":"publish","type":"post","link":"https:\/\/face.unt.edu.ar\/web\/blog\/charla-debate-economia-politica-y-poder-monopolico-a-cargo-del-dr-hugo-ferullo\/","title":{"rendered":"Charla Debate: \u00abEconom\u00eda Pol\u00edtica y Poder Monop\u00f3lico\u00bb, a cargo del Dr. Hugo Ferullo."},"content":{"rendered":"<p>La Facultad de Ciencias Econ\u00f3micas invita a participar de la Charla Debate: \u00abEconom\u00eda Pol\u00edtica y Poder Monop\u00f3lico\u00bb , el pr\u00f3ximo jueves 9 de junio, a las 18.30 horas, en el aula 2 de posgrado.<!--more--><br \/>\nLa actividad es organizada por la C\u00e1tedra Abierta de Econom\u00eda y Sociedad de nuestra Facultad, y estar\u00e1 a cargo del profesor, Dr. Hugo Ferullo.<br \/>\nPodr\u00e1n participar de la misma, estudiantes, docentes, profesionales de diversas \u00e1reas, p\u00fablico en general, y todos aquellos interesados en t\u00f3picos de pol\u00edtica econ\u00f3mica y social.<br \/>\nEl evento es de car\u00e1cter gratuito para todo p\u00fablico. Para aquellos que requieran la entrega de constancia de asistencia, tendr\u00e1 un costo de $20.<br \/>\nLos interesados en participar pueden inscribirse completando el formulario en el siguiente link http:\/\/www.economiaysociedad.org\/inscripciones\/ o bien, personalmente en las instalaciones de nuestra Casa, Av Independencia 1900.<br \/>\nPor mayores informes pueden enviar su consulta a economiaysociedad@face.unt.edu.ar o comunicarse al telefono (381) 4364093, Int. 7654<\/p>\n","protected":false},"excerpt":{"rendered":"<p>La Facultad de Ciencias Econ\u00f3micas invita a participar de la Charla Debate: \u00abEconom\u00eda Pol\u00edtica y Poder Monop\u00f3lico\u00bb , el pr\u00f3ximo jueves 9 de junio, a las 18.30 horas, en el aula 2 de posgrado.<\/p>\n","protected":false},"author":3,"featured_media":3621,"comment_status":"open","ping_status":"open","sticky":false,"template":"","format":"standard","meta":{"_et_pb_use_builder":"","_et_pb_old_content":"","_et_gb_content_width":"","footnotes":""},"categories":[4],"tags":[],"_links":{"self":[{"href":"https:\/\/face.unt.edu.ar\/web\/wp-json\/wp\/v2\/posts\/3620"}],"collection":[{"href":"https:\/\/face.unt.edu.ar\/web\/wp-json\/wp\/v2\/posts"}],"about":[{"href":"https:\/\/face.unt.edu.ar\/web\/wp-json\/wp\/v2\/types\/post"}],"author":[{"embeddable":true,"href":"https:\/\/face.unt.edu.ar\/web\/wp-json\/wp\/v2\/users\/3"}],"replies":[{"embeddable":true,"href":"https:\/\/face.unt.edu.ar\/web\/wp-json\/wp\/v2\/comments?post=3620"}],"version-history":[{"count":2,"href":"https:\/\/face.unt.edu.ar\/web\/wp-json\/wp\/v2\/posts\/3620\/revisions"}],"predecessor-version":[{"id":3623,"href":"https:\/\/face.unt.edu.ar\/web\/wp-json\/wp\/v2\/posts\/3620\/revisions\/3623"}],"wp:featuredmedia":[{"embeddable":true,"href":"https:\/\/face.unt.edu.ar\/web\/wp-json\/wp\/v2\/media\/3621"}],"wp:attachment":[{"href":"https:\/\/face.unt.edu.ar\/web\/wp-json\/wp\/v2\/media?parent=3620"}],"wp:term":[{"taxonomy":"category","embeddable":true,"href":"https:\/\/face.unt.edu.ar\/web\/wp-json\/wp\/v2\/categories?post=3620"},{"taxonomy":"post_tag","embeddable":true,"href":"https:\/\/face.unt.edu.ar\/web\/wp-json\/wp\/v2\/tags?post=3620"}],"curies":[{"name":"wp","href":"https:\/\/api.w.org\/{rel}","templated":true}]}}