{"id":3630,"date":"2016-06-06T16:26:17","date_gmt":"2016-06-06T16:26:17","guid":{"rendered":"http:\/\/face.unt.edu.ar\/web\/?p=3630"},"modified":"2016-06-06T16:26:17","modified_gmt":"2016-06-06T16:26:17","slug":"se-extendieron-las-fechas-para-tramitacion-de-readmisiones","status":"publish","type":"post","link":"https:\/\/face.unt.edu.ar\/web\/blog\/se-extendieron-las-fechas-para-tramitacion-de-readmisiones\/","title":{"rendered":"Se extendieron  las fechas para tramitaci\u00f3n de Readmisiones"},"content":{"rendered":"<p>La Facultad de Ciencias Econ\u00f3micas, informa que se extienden las fechas para tramitaci\u00f3n de Readmisiones, Cambio de Planes y Cambio de Carreras, habilit\u00e1ndose los d\u00edas 4 y 5 de Julio de 2016, para tal fin.<br \/>\nCabe aclarar que las dem\u00e1s fechas establecidas mediante resoluci\u00f3n 377-HCD-15 del H. Consejo Directivo no se modifican.<\/p>\n","protected":false},"excerpt":{"rendered":"<p>La Facultad de Ciencias Econ\u00f3micas, informa que se extienden las fechas para tramitaci\u00f3n de Readmisiones, Cambio de Planes y Cambio de Carreras, habilit\u00e1ndose los d\u00edas 4 y 5 de Julio de 2016, para tal fin. Cabe aclarar que las dem\u00e1s fechas establecidas mediante resoluci\u00f3n 377-HCD-15 del H. Consejo Directivo no se modifican.<\/p>\n","protected":false},"author":3,"featured_media":1613,"comment_status":"open","ping_status":"open","sticky":false,"template":"","format":"standard","meta":{"_et_pb_use_builder":"","_et_pb_old_content":"","_et_gb_content_width":"","footnotes":""},"categories":[4],"tags":[],"_links":{"self":[{"href":"https:\/\/face.unt.edu.ar\/web\/wp-json\/wp\/v2\/posts\/3630"}],"collection":[{"href":"https:\/\/face.unt.edu.ar\/web\/wp-json\/wp\/v2\/posts"}],"about":[{"href":"https:\/\/face.unt.edu.ar\/web\/wp-json\/wp\/v2\/types\/post"}],"author":[{"embeddable":true,"href":"https:\/\/face.unt.edu.ar\/web\/wp-json\/wp\/v2\/users\/3"}],"replies":[{"embeddable":true,"href":"https:\/\/face.unt.edu.ar\/web\/wp-json\/wp\/v2\/comments?post=3630"}],"version-history":[{"count":1,"href":"https:\/\/face.unt.edu.ar\/web\/wp-json\/wp\/v2\/posts\/3630\/revisions"}],"predecessor-version":[{"id":3631,"href":"https:\/\/face.unt.edu.ar\/web\/wp-json\/wp\/v2\/posts\/3630\/revisions\/3631"}],"wp:featuredmedia":[{"embeddable":true,"href":"https:\/\/face.unt.edu.ar\/web\/wp-json\/wp\/v2\/media\/1613"}],"wp:attachment":[{"href":"https:\/\/face.unt.edu.ar\/web\/wp-json\/wp\/v2\/media?parent=3630"}],"wp:term":[{"taxonomy":"category","embeddable":true,"href":"https:\/\/face.unt.edu.ar\/web\/wp-json\/wp\/v2\/categories?post=3630"},{"taxonomy":"post_tag","embeddable":true,"href":"https:\/\/face.unt.edu.ar\/web\/wp-json\/wp\/v2\/tags?post=3630"}],"curies":[{"name":"wp","href":"https:\/\/api.w.org\/{rel}","templated":true}]}}