{"id":3709,"date":"2016-06-18T14:07:11","date_gmt":"2016-06-18T14:07:11","guid":{"rendered":"http:\/\/face.unt.edu.ar\/web\/?p=3709"},"modified":"2016-06-22T21:50:33","modified_gmt":"2016-06-22T21:50:33","slug":"conferencia-los-creditos-hipotecarios-como-herramienta-de-desarrollo-economico","status":"publish","type":"post","link":"https:\/\/face.unt.edu.ar\/web\/blog\/conferencia-los-creditos-hipotecarios-como-herramienta-de-desarrollo-economico\/","title":{"rendered":"Conferencia abierta \u201cLos Cr\u00e9ditos Hipotecarios como herramienta de Desarrollo Econ\u00f3mico\u201d"},"content":{"rendered":"<div id=\"Item.MessagePartBody\" class=\"_rp_C4\">\n<div id=\"Item.MessageUniqueBody\" class=\"_rp_D4 ms-font-weight-regular ms-font-color-neutralDark rpHighlightAllClass rpHighlightBodyClass\">\n<div>\n<div dir=\"ltr\">\n<div id=\"divtagdefaultwrapper\">\n<div>\n<div><span style=\"font-family: Arial,sans-serif\">\u00abLos Cr\u00e9ditos Hipotecarios como herramienta de Desarrollo Econ\u00f3mico\u201d, es el tema principal de la conferencia que tendr\u00e1 a su cargo el Cr. Luis Eugenio Villagr\u00e1n. <\/span><\/div>\n<div><span style=\"font-family: Arial,sans-serif\">Se trata de una actividad abierta al p\u00fablico en general, que se realizar\u00e1 el 30 de junio, a las 19 horas, en el Aula Magna de nuestra Facultad. La entrada es libre y gratuita. Se entregar\u00e1 certificado (costo $50).<\/span><\/div>\n<div><\/div>\n<div><span style=\"font-family: Arial,sans-serif\">Entre los temas a tratar se destacan la Intermediaci\u00f3n Financiera, Hipotecas y el Sistema Financiero; el Proceso de Transmisi\u00f3n de riesgos y su incidencia y la Econom\u00eda real; el negocio Real Estate en Argentina ; los Fondos Jubilatorios y los Cr\u00e9ditos Hipotecarios y los Cr\u00e9ditos ajustables por UVI. <\/span><\/div>\n<div><\/div>\n<div><span style=\"font-family: Arial,sans-serif\">Cabe destacar que el Cr. Luis Eugenio Villagr\u00e1n es M\u00e1ster en Direcci\u00f3n de Empresas (CEMA) y est\u00e1 a cargo de la Evaluaci\u00f3n de Riesgos Ambientales en Proyectos de Inversi\u00f3n: IFC. World Bank. Washington DC.<\/span><\/div>\n<div><span style=\"font-family: Arial,sans-serif\">Las inscripciones se realizan en <\/span><a id=\"LPlnk836851\" href=\"http:\/\/goog.gl\/forms\/l16GoUCB2W7X1z2J2\" target=\"_blank\"><span style=\"font-family: Arial,sans-serif\">http:\/\/goog.gl\/forms\/l16GoUCB2W7X1z2J2<\/span><\/a><span style=\"font-family: Arial,sans-serif\"> o trav\u00e9s de correo electr\u00f3nico <\/span><a href=\"mailto:iicontable@face.unt.edu.ar\" target=\"_blank\"><span style=\"font-family: Arial,sans-serif\">iicontable@face.unt.edu.ar<\/span><\/a><\/div>\n<\/div>\n<\/div>\n<\/div>\n<div>\n<p><a href=\"https:\/\/drive.google.com\/file\/d\/0BwZE7DzLP04YNVdTX3U3U0FWc056LXU4WTFLXzhXRGxiQVZn\/view?usp=sharing\" target=\"_blank\">Consultar aqu\u00ed el curriculum del Cr. Luis Eugenio Villagr\u00e1n \u00a0<\/a><\/p>\n<\/div>\n<\/div>\n<\/div>\n<\/div>\n<p><!--more--><\/p>\n<div class=\"_pe_d _pe_R1\">\u00a0<a href=\"http:\/\/face.unt.edu.ar\/web\/wp-content\/uploads\/2016\/06\/difusion-cHARLA-prestamos-hipotecarios.jpg\"><img decoding=\"async\" loading=\"lazy\" class=\"alignnone size-medium wp-image-3710\" src=\"http:\/\/face.unt.edu.ar\/web\/wp-content\/uploads\/2016\/06\/difusion-cHARLA-prestamos-hipotecarios-225x300.jpg\" alt=\"difusion cHARLA prestamos hipotecarios\" width=\"225\" height=\"300\" srcset=\"https:\/\/face.unt.edu.ar\/web\/wp-content\/uploads\/2016\/06\/difusion-cHARLA-prestamos-hipotecarios-225x300.jpg 225w, https:\/\/face.unt.edu.ar\/web\/wp-content\/uploads\/2016\/06\/difusion-cHARLA-prestamos-hipotecarios-768x1024.jpg 768w, https:\/\/face.unt.edu.ar\/web\/wp-content\/uploads\/2016\/06\/difusion-cHARLA-prestamos-hipotecarios.jpg 1008w\" sizes=\"(max-width: 225px) 100vw, 225px\" \/><\/a><\/div>\n","protected":false},"excerpt":{"rendered":"<p>\u00abLos Cr\u00e9ditos Hipotecarios como herramienta de Desarrollo Econ\u00f3mico\u201d, es el tema principal de la conferencia que tendr\u00e1 a su cargo el Cr. Luis Eugenio Villagr\u00e1n. Se trata de una actividad abierta al p\u00fablico en general, que se realizar\u00e1 el 30 de junio, a las 19 horas, en el Aula Magna de nuestra Facultad. La entrada [&hellip;]<\/p>\n","protected":false},"author":2,"featured_media":3712,"comment_status":"open","ping_status":"open","sticky":false,"template":"","format":"standard","meta":{"_et_pb_use_builder":"","_et_pb_old_content":"","_et_gb_content_width":"","footnotes":""},"categories":[4],"tags":[],"_links":{"self":[{"href":"https:\/\/face.unt.edu.ar\/web\/wp-json\/wp\/v2\/posts\/3709"}],"collection":[{"href":"https:\/\/face.unt.edu.ar\/web\/wp-json\/wp\/v2\/posts"}],"about":[{"href":"https:\/\/face.unt.edu.ar\/web\/wp-json\/wp\/v2\/types\/post"}],"author":[{"embeddable":true,"href":"https:\/\/face.unt.edu.ar\/web\/wp-json\/wp\/v2\/users\/2"}],"replies":[{"embeddable":true,"href":"https:\/\/face.unt.edu.ar\/web\/wp-json\/wp\/v2\/comments?post=3709"}],"version-history":[{"count":6,"href":"https:\/\/face.unt.edu.ar\/web\/wp-json\/wp\/v2\/posts\/3709\/revisions"}],"predecessor-version":[{"id":3771,"href":"https:\/\/face.unt.edu.ar\/web\/wp-json\/wp\/v2\/posts\/3709\/revisions\/3771"}],"wp:featuredmedia":[{"embeddable":true,"href":"https:\/\/face.unt.edu.ar\/web\/wp-json\/wp\/v2\/media\/3712"}],"wp:attachment":[{"href":"https:\/\/face.unt.edu.ar\/web\/wp-json\/wp\/v2\/media?parent=3709"}],"wp:term":[{"taxonomy":"category","embeddable":true,"href":"https:\/\/face.unt.edu.ar\/web\/wp-json\/wp\/v2\/categories?post=3709"},{"taxonomy":"post_tag","embeddable":true,"href":"https:\/\/face.unt.edu.ar\/web\/wp-json\/wp\/v2\/tags?post=3709"}],"curies":[{"name":"wp","href":"https:\/\/api.w.org\/{rel}","templated":true}]}}