{"id":3747,"date":"2016-06-22T15:12:39","date_gmt":"2016-06-22T15:12:39","guid":{"rendered":"http:\/\/face.unt.edu.ar\/web\/?p=3747"},"modified":"2016-06-22T15:12:39","modified_gmt":"2016-06-22T15:12:39","slug":"se-encuentra-abierta-la-convocatoria-para-becas-de-la-fundacion-carolina","status":"publish","type":"post","link":"https:\/\/face.unt.edu.ar\/web\/blog\/se-encuentra-abierta-la-convocatoria-para-becas-de-la-fundacion-carolina\/","title":{"rendered":"Se encuentra abierta la convocatoria para becas de la Fundaci\u00f3n Carolina"},"content":{"rendered":"<p>El <strong>Programa de J\u00f3venes L\u00edderes Iberoamericanos XIV Edici\u00f3n<\/strong> \u2013de la Fundaci\u00f3n Carolina abre su convocatoria a egresados de licenciatura o grado de nuestra Universidad. Los <strong>interesados tienen tiempo de postularse hasta el 29 de Junio<\/strong>.<!--more--><br \/>\nLa Fundaci\u00f3n Carolina y la Fundaci\u00f3n Rafael del Pino organizan el Programa de J\u00f3venes L\u00edderes Iberoamericanos, cuya decimocuarta edici\u00f3n tendr\u00e1 lugar entre los d\u00edas <strong>25 de septiembre y 9 de octubre de 2016<\/strong>, en las ciudades de Madrid, Sevilla y Alcal\u00e1 de Henares.<br \/>\nEste Programa tiene como finalidad estrechar y reforzar v\u00ednculos entre j\u00f3venes licenciados,\u00a0potenciales l\u00edderes con proyecci\u00f3n en sus pa\u00edses, con el fin de crear redes de colaboraci\u00f3n en su futura trayectoria profesional, pol\u00edtica y social.<br \/>\nAs\u00ed, el grupo seleccionado de j\u00f3venes ser\u00e1 invitado durante dos semanas a asistir a conferencias, encuentros y visitas, a trav\u00e9s de una intensa agenda de inmersi\u00f3n social en la realidad espa\u00f1ola y europea.<br \/>\nSe seleccionar\u00e1n tres candidatos de nuestra universidad, que acrediten un expediente acad\u00e9mico brillante y contrastadas habilidades sociales y de liderazgo. Adem\u00e1s, es requisito haberse licenciado en las dos \u00faltimas promociones (despu\u00e9s del 1 de octubre de 2013) y no superar los 27 a\u00f1os de edad.<br \/>\nLa beca cubre el viaje a Madrid desde la capital del pa\u00eds, el alojamiento, la manutenci\u00f3n y los desplazamientos durante el programa.<br \/>\nLa fecha limite de recepci\u00f3n de candidaturas es el 29 de junio de 2016 y los interesados deben concurrir a la Direcci\u00f3n Relaciones Internacionales UNT \u2013 Lamadrid 887 \u2013 1er. piso.<br \/>\nPara cualquier duda o consulta pueden dirigirse tambi\u00e9n a la siguiente direcci\u00f3n electr\u00f3nica: <a href=\"mailto:lideresiberoamericanos_2016@fundacioncarolina.es\">lideresiberoamericanos_2016@fundacioncarolina.es<\/a><\/p>\n<p>&nbsp;<\/p>\n<p><strong>Proceso que debe de seguir el candidato<\/strong><\/p>\n<p>1. Una vez el candidato haya sido avalado por su Universidad y propuesto por la carta enviada al director de la Fundaci\u00f3n Carolina, podr\u00e1 realizar el registro on-line de su candidatura conforme las bases de la convocatoria a trav\u00e9s del siguiente enlace:<br \/>\n<a href=\"http:\/\/gestion.fundacioncarolina.es\/candidato\/becas\/ficha\/ficha.asp?Id_Programa=4063\">http:\/\/gestion.fundacioncarolina.es\/candidato\/becas\/ficha\/ficha.asp?Id_Programa=4063<\/a><br \/>\nAll\u00ed se encontrar\u00e1 con las bases de la convocatoria y toda la informaci\u00f3n al respecto.<br \/>\n2. Si es NUEVO USUARIO pinchar\u00e1 el bot\u00f3n de SOLICITUD ON-LINE y comenzar\u00e1 a completar todos los apartados para comenzar su registro on-line.<br \/>\nSi usted hubiera postulado anteriormente a algunas de las becas que ofrece la Fundaci\u00f3n Carolina, utilizar\u00e1 las mismas claves que ya tiene para postular al Programa de J\u00f3venes L\u00edderes Iberoamericanos 2016.<br \/>\n3. Documentaci\u00f3n escaneada que debe de adjuntar de manera obligatoria en el registro online:<br \/>\n&#8211; T\u00edtulo de la licenciatura compulsado por la Universidad<br \/>\n&#8211; Expediente acad\u00e9mico compulsado por la Universidad<br \/>\nLa falta de cualquiera de estos dos documentos dejar\u00e1 la solicitud fuera del proceso de selecci\u00f3n.<br \/>\n4. Preguntas asociadas al programa que debe de responder en el registro online:<br \/>\na. Define qu\u00e9 significa para ti el liderazgo e indica las principales cualidades que debe de reunir un l\u00edder.<br \/>\nb. \u00bfQu\u00e9 te sugieren y qu\u00e9 importancia das a los conceptos de emprendimiento e innovaci\u00f3n?<br \/>\nFecha l\u00edmite de presentaci\u00f3n de la solicitud on line con los documentos anexos: 10 de julio de 2016<\/p>\n<p><strong>\u00danicamente se aceptar\u00e1n aquellas solicitudes que cumplan con los siguientes requisitos<\/strong><br \/>\n1.- Que la Universidad del candidato haya sido invitada a participar en el Programa mediante carta del director de la Fundaci\u00f3n Carolina.<br \/>\n2.- Que la candidatura venga avalada por carta del Rector de la Universidad dirigida al director de la Fundaci\u00f3n Carolina.<br \/>\n3.- Que el candidato registre su solicitud online de conformidad con las bases de la convocatoria.<br \/>\n4.- Solo se tendr\u00e1n en consideraci\u00f3n las solicitudes registradas on-line a trav\u00e9s de la plataforma, no siendo admitidos ning\u00fan env\u00edo de documentaci\u00f3n por correo ordinario o electr\u00f3nico.<\/p>\n","protected":false},"excerpt":{"rendered":"<p>El Programa de J\u00f3venes L\u00edderes Iberoamericanos XIV Edici\u00f3n \u2013de la Fundaci\u00f3n Carolina abre su convocatoria a egresados de licenciatura o grado de nuestra Universidad. Los interesados tienen tiempo de postularse hasta el 29 de Junio.<\/p>\n","protected":false},"author":3,"featured_media":3748,"comment_status":"open","ping_status":"open","sticky":false,"template":"","format":"standard","meta":{"_et_pb_use_builder":"","_et_pb_old_content":"","_et_gb_content_width":"","footnotes":""},"categories":[4],"tags":[],"_links":{"self":[{"href":"https:\/\/face.unt.edu.ar\/web\/wp-json\/wp\/v2\/posts\/3747"}],"collection":[{"href":"https:\/\/face.unt.edu.ar\/web\/wp-json\/wp\/v2\/posts"}],"about":[{"href":"https:\/\/face.unt.edu.ar\/web\/wp-json\/wp\/v2\/types\/post"}],"author":[{"embeddable":true,"href":"https:\/\/face.unt.edu.ar\/web\/wp-json\/wp\/v2\/users\/3"}],"replies":[{"embeddable":true,"href":"https:\/\/face.unt.edu.ar\/web\/wp-json\/wp\/v2\/comments?post=3747"}],"version-history":[{"count":2,"href":"https:\/\/face.unt.edu.ar\/web\/wp-json\/wp\/v2\/posts\/3747\/revisions"}],"predecessor-version":[{"id":3750,"href":"https:\/\/face.unt.edu.ar\/web\/wp-json\/wp\/v2\/posts\/3747\/revisions\/3750"}],"wp:featuredmedia":[{"embeddable":true,"href":"https:\/\/face.unt.edu.ar\/web\/wp-json\/wp\/v2\/media\/3748"}],"wp:attachment":[{"href":"https:\/\/face.unt.edu.ar\/web\/wp-json\/wp\/v2\/media?parent=3747"}],"wp:term":[{"taxonomy":"category","embeddable":true,"href":"https:\/\/face.unt.edu.ar\/web\/wp-json\/wp\/v2\/categories?post=3747"},{"taxonomy":"post_tag","embeddable":true,"href":"https:\/\/face.unt.edu.ar\/web\/wp-json\/wp\/v2\/tags?post=3747"}],"curies":[{"name":"wp","href":"https:\/\/api.w.org\/{rel}","templated":true}]}}