{"id":3807,"date":"2016-07-25T15:28:59","date_gmt":"2016-07-25T15:28:59","guid":{"rendered":"http:\/\/face.unt.edu.ar\/web\/?p=3807"},"modified":"2016-07-25T15:33:27","modified_gmt":"2016-07-25T15:33:27","slug":"presentacion-del-libro-administracion-de-lo-simple-a-lo-complejo-del-mg-victor-martinez","status":"publish","type":"post","link":"https:\/\/face.unt.edu.ar\/web\/blog\/presentacion-del-libro-administracion-de-lo-simple-a-lo-complejo-del-mg-victor-martinez\/","title":{"rendered":"Presentaci\u00f3n del libro \u201cAdministraci\u00f3n, de lo simple a lo complejo\u201d del Mg. V\u00edctor Mart\u00ednez"},"content":{"rendered":"<p>La Facultad de Ciencias Econ\u00f3micas de la UNT invita a la presentaci\u00f3n del libro <strong><em>\u201cAdministraci\u00f3n, de lo simple a lo complejo\u201d<\/em><\/strong>, del Mg. V\u00edctor Mart\u00ednez, docente de nuestra Casa de Estudios. Ser\u00e1 este jueves 28 de Julio, a las 19 horas, en el Colegio de Graduados de Ciencias Econ\u00f3micas (24 de Septiembre 776).<\/p>\n<p>&nbsp;<\/p>\n<p><strong>Sobre el libro<\/strong><\/p>\n<p><strong><em>\u201cAdministraci\u00f3n, de lo simple a lo complejo\u201d:<\/em><\/strong> En el libro se resume la complejidad de la teor\u00eda y la pr\u00e1ctica de las empresas, con un enfoque sist\u00e9mico, con una presentaci\u00f3n pedag\u00f3gica inmejorable, haciendo una s\u00edntesis de teor\u00eda y praxis, que en definitiva le dan un plus de calidad a la obra.<\/p>\n<p>Cuenta con una descripci\u00f3n coherente, sencilla, y bien pensada sobre la compleja tarea de enunciar conceptos, y definir t\u00e9cnicas y casos sobre la empresa y sus sistemas.<\/p>\n<p>Un libro de Administraci\u00f3n general que abunda en ejemplos nacionales, mencionando a organizaciones que todos conocemos por interactuar con ellos, lo que hace que sea m\u00e1s f\u00e1cil entender la aplicaci\u00f3n de los conceptos del mundo de la administraci\u00f3n.<\/p>\n<p><a href=\"http:\/\/face.unt.edu.ar\/web\/wp-content\/uploads\/2016\/07\/Flyer-Presentacion-Libro-VM-Tucuman-V2.jpg\"><img decoding=\"async\" loading=\"lazy\" class=\"alignnone size-medium wp-image-3811\" src=\"http:\/\/face.unt.edu.ar\/web\/wp-content\/uploads\/2016\/07\/Flyer-Presentacion-Libro-VM-Tucuman-V2-212x300.jpg\" alt=\"Flyer Presentacion Libro VM Tucuman V2\" width=\"212\" height=\"300\" srcset=\"https:\/\/face.unt.edu.ar\/web\/wp-content\/uploads\/2016\/07\/Flyer-Presentacion-Libro-VM-Tucuman-V2-212x300.jpg 212w, https:\/\/face.unt.edu.ar\/web\/wp-content\/uploads\/2016\/07\/Flyer-Presentacion-Libro-VM-Tucuman-V2-768x1086.jpg 768w, https:\/\/face.unt.edu.ar\/web\/wp-content\/uploads\/2016\/07\/Flyer-Presentacion-Libro-VM-Tucuman-V2-724x1024.jpg 724w, https:\/\/face.unt.edu.ar\/web\/wp-content\/uploads\/2016\/07\/Flyer-Presentacion-Libro-VM-Tucuman-V2.jpg 1240w\" sizes=\"(max-width: 212px) 100vw, 212px\" \/><\/a><\/p>\n<p>&nbsp;<\/p>\n<p>&nbsp;<\/p>\n","protected":false},"excerpt":{"rendered":"<p>La Facultad de Ciencias Econ\u00f3micas de la UNT invita a la presentaci\u00f3n del libro \u201cAdministraci\u00f3n, de lo simple a lo complejo\u201d, del Mg. V\u00edctor Mart\u00ednez, docente de nuestra Casa de Estudios. Ser\u00e1 este jueves 28 de Julio, a las 19 horas, en el Colegio de Graduados de Ciencias Econ\u00f3micas (24 de Septiembre 776). &nbsp; Sobre [&hellip;]<\/p>\n","protected":false},"author":2,"featured_media":3808,"comment_status":"open","ping_status":"open","sticky":false,"template":"","format":"standard","meta":{"_et_pb_use_builder":"","_et_pb_old_content":"","_et_gb_content_width":"","footnotes":""},"categories":[4],"tags":[],"_links":{"self":[{"href":"https:\/\/face.unt.edu.ar\/web\/wp-json\/wp\/v2\/posts\/3807"}],"collection":[{"href":"https:\/\/face.unt.edu.ar\/web\/wp-json\/wp\/v2\/posts"}],"about":[{"href":"https:\/\/face.unt.edu.ar\/web\/wp-json\/wp\/v2\/types\/post"}],"author":[{"embeddable":true,"href":"https:\/\/face.unt.edu.ar\/web\/wp-json\/wp\/v2\/users\/2"}],"replies":[{"embeddable":true,"href":"https:\/\/face.unt.edu.ar\/web\/wp-json\/wp\/v2\/comments?post=3807"}],"version-history":[{"count":2,"href":"https:\/\/face.unt.edu.ar\/web\/wp-json\/wp\/v2\/posts\/3807\/revisions"}],"predecessor-version":[{"id":3812,"href":"https:\/\/face.unt.edu.ar\/web\/wp-json\/wp\/v2\/posts\/3807\/revisions\/3812"}],"wp:featuredmedia":[{"embeddable":true,"href":"https:\/\/face.unt.edu.ar\/web\/wp-json\/wp\/v2\/media\/3808"}],"wp:attachment":[{"href":"https:\/\/face.unt.edu.ar\/web\/wp-json\/wp\/v2\/media?parent=3807"}],"wp:term":[{"taxonomy":"category","embeddable":true,"href":"https:\/\/face.unt.edu.ar\/web\/wp-json\/wp\/v2\/categories?post=3807"},{"taxonomy":"post_tag","embeddable":true,"href":"https:\/\/face.unt.edu.ar\/web\/wp-json\/wp\/v2\/tags?post=3807"}],"curies":[{"name":"wp","href":"https:\/\/api.w.org\/{rel}","templated":true}]}}