{"id":3907,"date":"2016-08-13T21:04:40","date_gmt":"2016-08-13T21:04:40","guid":{"rendered":"http:\/\/face.unt.edu.ar\/web\/?p=3907"},"modified":"2016-08-15T13:34:05","modified_gmt":"2016-08-15T13:34:05","slug":"cursos-de-ingles-para-docentes","status":"publish","type":"post","link":"https:\/\/face.unt.edu.ar\/web\/blog\/cursos-de-ingles-para-docentes\/","title":{"rendered":"Cursos de Ingl\u00e9s para docentes"},"content":{"rendered":"<p>Se dictar\u00e1n en nuestra Facultad a cargo de la Prof. Mar\u00eda Teresa Van Nieuwenhove.<\/p>\n<p><strong>\u00abIngl\u00e9s para los negocios\u00bb<\/strong><\/p>\n<p>Inicia el martes 16 de agosto, hasta el jueves 10 de noviembre. Las clases te\u00f3rico-pr\u00e1cticas.\u00a0El cupo es limitado, con un m\u00e1ximo de 30 (treinta) alumnos. Se dictar\u00e1 los martes y jueves de 10:30 a 12:00 horas en el aula 17 de nuestra Facultad.<\/p>\n<p>&nbsp;<\/p>\n<p><strong>\u00a0\u00abCurso de conversaci\u00f3n para docentes\u00bb &#8211; Nivel Principiantes y Nivel Pre-Intermedio<\/strong><\/p>\n<p>Inicia el mi\u00e9rcoles 24 de agosto, hasta el mi\u00e9rcoles 9 de noviembre. Las clases te\u00f3rico-pr\u00e1cticas. El cupo es limitado, con un m\u00e1ximo de 10 (diez) alumnos. Se dictar\u00e1 los mi\u00e9rcoles de 9:00 a 12:00 horas. Aula a confirmar.<\/p>\n<p>&nbsp;<\/p>\n<p>&nbsp;<\/p>\n","protected":false},"excerpt":{"rendered":"<p>Se dictar\u00e1n en nuestra Facultad a cargo de la Prof. Mar\u00eda Teresa Van Nieuwenhove. \u00abIngl\u00e9s para los negocios\u00bb Inicia el martes 16 de agosto, hasta el jueves 10 de noviembre. Las clases te\u00f3rico-pr\u00e1cticas.\u00a0El cupo es limitado, con un m\u00e1ximo de 30 (treinta) alumnos. Se dictar\u00e1 los martes y jueves de 10:30 a 12:00 horas en [&hellip;]<\/p>\n","protected":false},"author":2,"featured_media":1613,"comment_status":"open","ping_status":"open","sticky":false,"template":"","format":"standard","meta":{"_et_pb_use_builder":"","_et_pb_old_content":"","_et_gb_content_width":"","footnotes":""},"categories":[4],"tags":[27,24],"_links":{"self":[{"href":"https:\/\/face.unt.edu.ar\/web\/wp-json\/wp\/v2\/posts\/3907"}],"collection":[{"href":"https:\/\/face.unt.edu.ar\/web\/wp-json\/wp\/v2\/posts"}],"about":[{"href":"https:\/\/face.unt.edu.ar\/web\/wp-json\/wp\/v2\/types\/post"}],"author":[{"embeddable":true,"href":"https:\/\/face.unt.edu.ar\/web\/wp-json\/wp\/v2\/users\/2"}],"replies":[{"embeddable":true,"href":"https:\/\/face.unt.edu.ar\/web\/wp-json\/wp\/v2\/comments?post=3907"}],"version-history":[{"count":2,"href":"https:\/\/face.unt.edu.ar\/web\/wp-json\/wp\/v2\/posts\/3907\/revisions"}],"predecessor-version":[{"id":3930,"href":"https:\/\/face.unt.edu.ar\/web\/wp-json\/wp\/v2\/posts\/3907\/revisions\/3930"}],"wp:featuredmedia":[{"embeddable":true,"href":"https:\/\/face.unt.edu.ar\/web\/wp-json\/wp\/v2\/media\/1613"}],"wp:attachment":[{"href":"https:\/\/face.unt.edu.ar\/web\/wp-json\/wp\/v2\/media?parent=3907"}],"wp:term":[{"taxonomy":"category","embeddable":true,"href":"https:\/\/face.unt.edu.ar\/web\/wp-json\/wp\/v2\/categories?post=3907"},{"taxonomy":"post_tag","embeddable":true,"href":"https:\/\/face.unt.edu.ar\/web\/wp-json\/wp\/v2\/tags?post=3907"}],"curies":[{"name":"wp","href":"https:\/\/api.w.org\/{rel}","templated":true}]}}