{"id":4361,"date":"2016-09-25T23:39:14","date_gmt":"2016-09-25T23:39:14","guid":{"rendered":"http:\/\/face.unt.edu.ar\/web\/?p=4361"},"modified":"2016-09-25T23:39:14","modified_gmt":"2016-09-25T23:39:14","slug":"nunca-pense-que-iba-a-ser-profesor-consulto-de-la-universidad-dr-aldo-sota","status":"publish","type":"post","link":"https:\/\/face.unt.edu.ar\/web\/blog\/nunca-pense-que-iba-a-ser-profesor-consulto-de-la-universidad-dr-aldo-sota\/","title":{"rendered":"\u201cNunca pens\u00e9 que iba a ser Profesor Consulto de la Universidad\u201d, Dr. Aldo Sota"},"content":{"rendered":"<p>El acto de distinci\u00f3n estuvo presidido por la rectora de la UNT, Dra. Alicia Bard\u00f3n, quien estuvo acompa\u00f1ada por la Secretaria Acad\u00e9mica de la Universidad, Prof. Marta Alicia Ju\u00e1rez de Tuzza, el Decano de nuestra Facultad, Mg. Jos\u00e9 Lius A. Jim\u00e9nez y la Vicedecana, Mg. Liliana Pacheco.<br \/>\nTambi\u00e9n participaron las dem\u00e1s autoridades de nuestra Facultad, docentes, familiares y allegados del Dr. Sota.<!--more--><\/p>\n<p>El Dr. Aldo Sota agradeci\u00f3 a las personas que intervinieron en su formaci\u00f3n acad\u00e9mica y profesional y a la Facultad de Ciencias Econ\u00f3micas. \u201cA m\u00ed me honra y me enorgullece esta distinci\u00f3n que es producto de ciertas predestinaciones quiz\u00e1s que se dan. Nunca pens\u00e9 que iba a ser distinguido como Profesor Consulto. Yo agradezco a la comunidad y a esta querida Universidad que es mi casa, donde ya llevo casi 45 a\u00f1os en ella. Es infinito mi agradecimiento a esto que tanto quiero que es la docencia y la investigaci\u00f3n aplicada\u201d, expres\u00f3 el Dr. Sota.<\/p>\n<p>Por su parte la rectora, Dra. Alicia Bard\u00f3n, expres\u00f3 sus felicitaciones al nuevo Profesor Consulto de la Universidad: \u201cEs un gusto incorporar a un profesor extraordinario a la UNT. Un colega, docente, investigador y que ha transitado desde hace muchos a\u00f1os por la Facultad de Ciencias Econ\u00f3micas y que llega a este momento con la brillantez que tuvo siempre. Todos estamos muy contentos de otorgarle este reconocimiento a pedido de los colegas de la Facultad. Es un honor para la UNT que libros de un \u00e1rea disciplinar determinada, que circulan por aulas de todo nuestro pa\u00eds, hayan sido escritos por un docente de nuestra Casa, como lo es el Dr. Sota\u201d.<\/p>\n<p>Durante el acto el Decano de la Facultad, Mg. Jos\u00e9 Luis Jim\u00e9nez, destac\u00f3 al Dr. Sota refiri\u00e9ndose a \u00e9l en las distintas facetas por las que atraviesa en la vida: como hombre, como profesor universitario, como investigador y como profesional. \u201cEl Profesor Aldo Sota es un digno ejemplo de un profesional universitario comprometido, que se hace presente en una universidad involucrada en las realidades propias de la sociedad y comprometida con el bien com\u00fan\u201d, destac\u00f3 el Decano Jos\u00e9 Luis Jim\u00e9nez.<\/p>\n<p>El Prof. Aldo Mario Sota es Doctor en Ciencias Econ\u00f3micas, Especialista en Costos y Gesti\u00f3n Empresarial. Adem\u00e1s es Director de la carrera de Posgrado \u201cEspecializaci\u00f3n en Costos de Gesti\u00f3n\u201d que se dicta en esta Facultad.<\/p>\n","protected":false},"excerpt":{"rendered":"<p>El acto de distinci\u00f3n estuvo presidido por la rectora de la UNT, Dra. Alicia Bard\u00f3n, quien estuvo acompa\u00f1ada por la Secretaria Acad\u00e9mica de la Universidad, Prof. Marta Alicia Ju\u00e1rez de Tuzza, el Decano de nuestra Facultad, Mg. Jos\u00e9 Lius A. Jim\u00e9nez y la Vicedecana, Mg. Liliana Pacheco. Tambi\u00e9n participaron las dem\u00e1s autoridades de nuestra Facultad, [&hellip;]<\/p>\n","protected":false},"author":2,"featured_media":4362,"comment_status":"open","ping_status":"open","sticky":false,"template":"","format":"standard","meta":{"_et_pb_use_builder":"","_et_pb_old_content":"","_et_gb_content_width":"","footnotes":""},"categories":[4],"tags":[163],"_links":{"self":[{"href":"https:\/\/face.unt.edu.ar\/web\/wp-json\/wp\/v2\/posts\/4361"}],"collection":[{"href":"https:\/\/face.unt.edu.ar\/web\/wp-json\/wp\/v2\/posts"}],"about":[{"href":"https:\/\/face.unt.edu.ar\/web\/wp-json\/wp\/v2\/types\/post"}],"author":[{"embeddable":true,"href":"https:\/\/face.unt.edu.ar\/web\/wp-json\/wp\/v2\/users\/2"}],"replies":[{"embeddable":true,"href":"https:\/\/face.unt.edu.ar\/web\/wp-json\/wp\/v2\/comments?post=4361"}],"version-history":[{"count":1,"href":"https:\/\/face.unt.edu.ar\/web\/wp-json\/wp\/v2\/posts\/4361\/revisions"}],"predecessor-version":[{"id":4363,"href":"https:\/\/face.unt.edu.ar\/web\/wp-json\/wp\/v2\/posts\/4361\/revisions\/4363"}],"wp:featuredmedia":[{"embeddable":true,"href":"https:\/\/face.unt.edu.ar\/web\/wp-json\/wp\/v2\/media\/4362"}],"wp:attachment":[{"href":"https:\/\/face.unt.edu.ar\/web\/wp-json\/wp\/v2\/media?parent=4361"}],"wp:term":[{"taxonomy":"category","embeddable":true,"href":"https:\/\/face.unt.edu.ar\/web\/wp-json\/wp\/v2\/categories?post=4361"},{"taxonomy":"post_tag","embeddable":true,"href":"https:\/\/face.unt.edu.ar\/web\/wp-json\/wp\/v2\/tags?post=4361"}],"curies":[{"name":"wp","href":"https:\/\/api.w.org\/{rel}","templated":true}]}}