{"id":4421,"date":"2016-10-07T01:33:34","date_gmt":"2016-10-07T01:33:34","guid":{"rendered":"http:\/\/face.unt.edu.ar\/web\/?p=4421"},"modified":"2016-10-07T01:35:14","modified_gmt":"2016-10-07T01:35:14","slug":"extienden-el-plazo-de-presentacion-de-postulantes-al-programa-escala-estudiantil-de-grado","status":"publish","type":"post","link":"https:\/\/face.unt.edu.ar\/web\/blog\/extienden-el-plazo-de-presentacion-de-postulantes-al-programa-escala-estudiantil-de-grado\/","title":{"rendered":"Extienden el plazo de presentaci\u00f3n de postulantes al Programa Escala Estudiantil de Grado."},"content":{"rendered":"<p>La Direcci\u00f3n General de Relaciones Internacionales informa que hoy\u00a0viernes 7 de octubre habr\u00e1 desinfecci\u00f3n en el edificio de Lamadrid 887, por lo que la recepci\u00f3n de carpetas de Postulantes para los Programas ESCALA\u00a0 Estudiantil se <strong>prorroga hasta el d\u00eda martes 11 de octubre hasta las 13.00 horas<\/strong>.\u00a0<!--more--><\/p>\n<p>Los interesados en participar del Programa Escala Estudiantil de Grado de la Asociaci\u00f3n de Universidades del Grupo Montevideo (AUGM)\u00a0, durante\u00a0el 1\u00ba semestre de 2017 , \u00a0deben cumplir con los siguientes requisitos:<\/p>\n<ul>\n<li>Ser estudiante regular de la UNT.<\/li>\n<li>Tener aprobadas el 40% de las materias de la carrera.<\/li>\n<li>Promedio no inferior a 7 puntos (no excluyente)<\/li>\n<li>No ocupar cargos docentes<\/li>\n<li>No mayor de 30 a\u00f1os (excluyente)<\/li>\n<li>Presentar el <u>formulario de inscripci\u00f3n<\/u>, <u>curriculum vitae documentado<\/u> (traer certificados originales y copias), <u>certificado parcial de notas<\/u>, <u>constancia de alumno regular<\/u> y <u>carta de motivaci\u00f3n<\/u>.<\/li>\n<li>En caso de que la vacante sea en una Universidad de Brasil, tener conocimientos certificados de idioma portugu\u00e9s<\/li>\n<li>Para las vacantes en Brasil y Chile es necesario tener PASAPORTE vigente.<\/li>\n<\/ul>\n<p><strong>Beca:<\/strong><\/p>\n<ul>\n<li>El PROGRAMA financia alojamiento, mantenimiento y traslado en su totalidad.<\/li>\n<li>El ESTUDIANTE debe solventar gastos de visa, seguro de vida, salud, accidente y repatriaci\u00f3n y dem\u00e1s gastos personales que pudieran surgir.<\/li>\n<\/ul>\n<p><strong>\u00a0<\/strong><\/p>\n<p><strong><u>Intercambios 1<sup>er<\/sup> Semestre de 2017<\/u><\/strong><\/p>\n<table width=\"100%\">\n<tbody>\n<tr>\n<td width=\"46%\"><strong>Facultad<\/strong><\/td>\n<td width=\"44%\"><strong>Universidad de Destino<\/strong><\/td>\n<td width=\"8%\"><strong>N\u00ba Plazas<\/strong><\/td>\n<\/tr>\n<tr>\n<td width=\"46%\">CIENCIAS DE LA EDUCACION<\/td>\n<td width=\"44%\">Univesidad Estadual de Minas Gerais (Brasil)<\/td>\n<td width=\"8%\">1<\/td>\n<\/tr>\n<tr>\n<td width=\"46%\">CIENCIAS ECONOMICAS (CONTADOR)<\/td>\n<td width=\"44%\">Universidad Nacional de Asunci\u00f3n\u00a0 (Paraguay)<\/td>\n<td width=\"8%\">1<\/td>\n<\/tr>\n<tr>\n<td width=\"46%\">CIENCIAS EXACTAS<\/td>\n<td width=\"44%\">Universidad Federal de Santa Catarina (Brasil)<\/td>\n<td width=\"8%\">1<\/td>\n<\/tr>\n<tr>\n<td width=\"46%\">DERECHO<\/td>\n<td width=\"44%\">Universidad de Rio Grande do Sul (Brasil)<\/td>\n<td width=\"8%\">1<\/td>\n<\/tr>\n<tr>\n<td width=\"46%\">EDUCACION FISICA<\/td>\n<td width=\"44%\">Universidad de Playa Ancha (Chile)<\/td>\n<td width=\"8%\">1<\/td>\n<\/tr>\n<tr>\n<td width=\"46%\">PSICOLOGIA<\/td>\n<td width=\"44%\">Universidad de la Republica (Uruguay)<\/td>\n<td width=\"8%\">1<\/td>\n<\/tr>\n<\/tbody>\n<\/table>\n<p><strong><u>Formulario Inscripci\u00f3n: <a href=\"https:\/\/drive.google.com\/file\/d\/0BwZE7DzLP04YRW42WlU0cGt6cEZoVFVIdG9mdU1vZXlDTy1R\/view?usp=sharing\" target=\"_blank\">Descargar aqu\u00ed<\/a><br \/>\n<\/u><\/strong><\/p>\n<p><strong><u>M\u00e1s informaci\u00f3n en:<\/u><\/strong> <a href=\"http:\/\/www.internacionales.unt.edu.ar\">www.internacionales.unt.edu.ar<\/a><\/p>\n<p><strong><u>Fecha de Apertura de Presentaci\u00f3n de Candidato:<\/u><\/strong> <strong>13 de septiembre de 2016<\/strong><\/p>\n<p><strong><u>Fecha L\u00edmite de Presentaci\u00f3n de Candidatos:<\/u><\/strong>\u00a0<strong>\u00a011 de octubre de 2016<\/strong><\/p>\n<p><strong><u>Lugar:<\/u><\/strong> Direcci\u00f3n General de Relaciones Internacionales<\/p>\n<p>Lamadrid 887 1\u00ba Piso &#8211; Lunes a viernes de\u00a0 9 a 12 hs.<\/p>\n","protected":false},"excerpt":{"rendered":"<p>La Direcci\u00f3n General de Relaciones Internacionales informa que hoy\u00a0viernes 7 de octubre habr\u00e1 desinfecci\u00f3n en el edificio de Lamadrid 887, por lo que la recepci\u00f3n de carpetas de Postulantes para los Programas ESCALA\u00a0 Estudiantil se prorroga hasta el d\u00eda martes 11 de octubre hasta las 13.00 horas.\u00a0<\/p>\n","protected":false},"author":3,"featured_media":4239,"comment_status":"open","ping_status":"open","sticky":false,"template":"","format":"standard","meta":{"_et_pb_use_builder":"","_et_pb_old_content":"","_et_gb_content_width":"","footnotes":""},"categories":[4],"tags":[36],"_links":{"self":[{"href":"https:\/\/face.unt.edu.ar\/web\/wp-json\/wp\/v2\/posts\/4421"}],"collection":[{"href":"https:\/\/face.unt.edu.ar\/web\/wp-json\/wp\/v2\/posts"}],"about":[{"href":"https:\/\/face.unt.edu.ar\/web\/wp-json\/wp\/v2\/types\/post"}],"author":[{"embeddable":true,"href":"https:\/\/face.unt.edu.ar\/web\/wp-json\/wp\/v2\/users\/3"}],"replies":[{"embeddable":true,"href":"https:\/\/face.unt.edu.ar\/web\/wp-json\/wp\/v2\/comments?post=4421"}],"version-history":[{"count":3,"href":"https:\/\/face.unt.edu.ar\/web\/wp-json\/wp\/v2\/posts\/4421\/revisions"}],"predecessor-version":[{"id":4424,"href":"https:\/\/face.unt.edu.ar\/web\/wp-json\/wp\/v2\/posts\/4421\/revisions\/4424"}],"wp:featuredmedia":[{"embeddable":true,"href":"https:\/\/face.unt.edu.ar\/web\/wp-json\/wp\/v2\/media\/4239"}],"wp:attachment":[{"href":"https:\/\/face.unt.edu.ar\/web\/wp-json\/wp\/v2\/media?parent=4421"}],"wp:term":[{"taxonomy":"category","embeddable":true,"href":"https:\/\/face.unt.edu.ar\/web\/wp-json\/wp\/v2\/categories?post=4421"},{"taxonomy":"post_tag","embeddable":true,"href":"https:\/\/face.unt.edu.ar\/web\/wp-json\/wp\/v2\/tags?post=4421"}],"curies":[{"name":"wp","href":"https:\/\/api.w.org\/{rel}","templated":true}]}}