{"id":4488,"date":"2016-10-21T12:21:41","date_gmt":"2016-10-21T12:21:41","guid":{"rendered":"http:\/\/face.unt.edu.ar\/web\/?p=4488"},"modified":"2016-10-21T12:23:19","modified_gmt":"2016-10-21T12:23:19","slug":"curso-de-extension-indicadores-de-gestion","status":"publish","type":"post","link":"https:\/\/face.unt.edu.ar\/web\/blog\/curso-de-extension-indicadores-de-gestion\/","title":{"rendered":"Curso de Extensi\u00f3n: Indicadores de Gesti\u00f3n"},"content":{"rendered":"<p style=\"text-align: justify\">A partir del 7\u00a0de\u00a0noviembre se dictar\u00e1 el\u00a0<strong>Curso\u00a0de\u00a0Extensi\u00f3n\u00a0\u201cIndicadores de Gesti\u00f3n\u201d<\/strong>, que estar\u00e1 a cargo del los docentes Marcelo Medina Galv\u00e1n y Noem\u00ed Ponce\u00a0de\u00a0la C\u00e1tedra Contabilidad Gerencial\u00a0de\u00a0la Facultad\u00a0de\u00a0Ciencias Econ\u00f3micas.<!--more--><\/p>\n<p style=\"text-align: justify\">Se desarrollar\u00e1 en cuatro encuentros los d\u00edas <strong>7, 9, 14 y 16\u00a0de\u00a0Noviembre,\u00a0de\u00a018:30 a 21:30 horas en Aula 1\u00a0de\u00a0posgrado<\/strong>.<br \/>\nEl curso est\u00e1 destinado a estudiantes de las carreras de Grado CPN y LAE, egresados de la Facultad de Ciencias Econ\u00f3micas, emprendedores y empresarios. El costo del mismo es\u00a0de\u00a0$900. Hasta el lunes 31\u00a0de\u00a0octubre, abonar\u00e1n con descuento por pago anticipado, la suma\u00a0de\u00a0$800.<br \/>\nHabr\u00e1 un 50 %\u00a0de\u00a0descuento para estudiantes\u00a0de\u00a0la Facultad y 30% para estudiantes\u00a0de\u00a0posgrado, docentes y no docentes\u00a0de\u00a0la FACE.<br \/>\nLas inscripciones se realizan on-line: <a href=\"http:\/\/bit.ly\/indicadores-gestion-2016\">http:\/\/bit.ly\/indicadores-gestion-2016<br \/>\n<\/a>Por informes y por pago del arancel, los interesados pueden dirigirse a la Asociaci\u00f3n Cooperadora\u00a0de\u00a0la Facultad,\u00a0de\u00a0lunes a viernes\u00a0de\u00a08 a 12 horas y\u00a0de\u00a016 a 19:30 horas. Tambi\u00e9n pueden llamar al tel\u00e9fono 4107557 o enviar un correo electr\u00f3nico a\u00a0<a href=\"mailto:insadmi@face.unt.edu.ar\">insadmi@face.unt.edu.ar<\/a><\/p>\n","protected":false},"excerpt":{"rendered":"<p>A partir del 7\u00a0de\u00a0noviembre se dictar\u00e1 el\u00a0Curso\u00a0de\u00a0Extensi\u00f3n\u00a0\u201cIndicadores de Gesti\u00f3n\u201d, que estar\u00e1 a cargo del los docentes Marcelo Medina Galv\u00e1n y Noem\u00ed Ponce\u00a0de\u00a0la C\u00e1tedra Contabilidad Gerencial\u00a0de\u00a0la Facultad\u00a0de\u00a0Ciencias Econ\u00f3micas.<\/p>\n","protected":false},"author":3,"featured_media":4492,"comment_status":"open","ping_status":"open","sticky":false,"template":"","format":"standard","meta":{"_et_pb_use_builder":"","_et_pb_old_content":"","_et_gb_content_width":"","footnotes":""},"categories":[4],"tags":[],"_links":{"self":[{"href":"https:\/\/face.unt.edu.ar\/web\/wp-json\/wp\/v2\/posts\/4488"}],"collection":[{"href":"https:\/\/face.unt.edu.ar\/web\/wp-json\/wp\/v2\/posts"}],"about":[{"href":"https:\/\/face.unt.edu.ar\/web\/wp-json\/wp\/v2\/types\/post"}],"author":[{"embeddable":true,"href":"https:\/\/face.unt.edu.ar\/web\/wp-json\/wp\/v2\/users\/3"}],"replies":[{"embeddable":true,"href":"https:\/\/face.unt.edu.ar\/web\/wp-json\/wp\/v2\/comments?post=4488"}],"version-history":[{"count":2,"href":"https:\/\/face.unt.edu.ar\/web\/wp-json\/wp\/v2\/posts\/4488\/revisions"}],"predecessor-version":[{"id":4493,"href":"https:\/\/face.unt.edu.ar\/web\/wp-json\/wp\/v2\/posts\/4488\/revisions\/4493"}],"wp:featuredmedia":[{"embeddable":true,"href":"https:\/\/face.unt.edu.ar\/web\/wp-json\/wp\/v2\/media\/4492"}],"wp:attachment":[{"href":"https:\/\/face.unt.edu.ar\/web\/wp-json\/wp\/v2\/media?parent=4488"}],"wp:term":[{"taxonomy":"category","embeddable":true,"href":"https:\/\/face.unt.edu.ar\/web\/wp-json\/wp\/v2\/categories?post=4488"},{"taxonomy":"post_tag","embeddable":true,"href":"https:\/\/face.unt.edu.ar\/web\/wp-json\/wp\/v2\/tags?post=4488"}],"curies":[{"name":"wp","href":"https:\/\/api.w.org\/{rel}","templated":true}]}}