{"id":4500,"date":"2016-10-24T15:39:43","date_gmt":"2016-10-24T15:39:43","guid":{"rendered":"http:\/\/face.unt.edu.ar\/web\/?p=4500"},"modified":"2016-10-24T16:40:53","modified_gmt":"2016-10-24T16:40:53","slug":"1ras-olimpiadas-academicas-de-ciencias-economicas-para-el-nivel-secundario-2016","status":"publish","type":"post","link":"https:\/\/face.unt.edu.ar\/web\/blog\/1ras-olimpiadas-academicas-de-ciencias-economicas-para-el-nivel-secundario-2016\/","title":{"rendered":"1ras Olimp\u00edadas Acad\u00e9micas de Ciencias Econ\u00f3micas  para el Nivel Secundario &#8211; 2016"},"content":{"rendered":"<p>&nbsp;<\/p>\n<p>Se realizan en nuestra Facultad las 1<sup>ras<\/sup> Olimp\u00edadas Acad\u00e9micas de Ciencias Econ\u00f3micas para el Nivel Secundario \u2013 2016. La actividad se desarrollar\u00e1 el 04 de Noviembre, de 09:00 a 13:30 horas.<\/p>\n<p>Pueden participar los estudiantes de los dos \u00faltimos a\u00f1os pertenecientes a la educaci\u00f3n del Nivel Secundario de cualquier orientaci\u00f3n. Adem\u00e1s est\u00e1n invitados a participar estudiantes de escuelas de gesti\u00f3n p\u00fablica y de gesti\u00f3n privada.<\/p>\n<p>Estas primeras Olimp\u00edadas se realizan con el objetivo de promover el acercamiento de la Universidad a los docentes y estudiantes de las Instituciones Secundarias, en esta oportunidad con la participaci\u00f3n de estudiantes de 5\u00b0 y 6\u00b0 a\u00f1o de Escuelas de gesti\u00f3n P\u00fablica y Colegios de gesti\u00f3n Privada. Tambi\u00e9n nos proponemos facilitar la vinculaci\u00f3n entre ambos niveles educativos y generar una renovada consciencia sobre la importancia de los conocimientos previos y su aplicaci\u00f3n inteligente generando un aprendizaje en colaboraci\u00f3n (de docentes y estudiantes) para la resoluci\u00f3n de planteos en los diferentes n\u00facleos de conocimientos. Adem\u00e1s de construir un puente entre el sector de ense\u00f1anza universitaria con el nivel de ense\u00f1anza secundaria.<\/p>\n<p><strong>Charlas de participaci\u00f3n <\/strong><\/p>\n<p>En el marco de las 1<sup>ras<\/sup> Olimp\u00edadas Acad\u00e9micas de Ciencias Econ\u00f3micas<br \/>\npara el Nivel Secundario, como actividad complementaria se realizar\u00e1n las siguientes charlas, destinadas a docentes secundarios y universitarios, alumnos secundarios y universitarios y p\u00fablico en general:<\/p>\n<p><strong><br \/>\n\u201cNuevas <\/strong><strong>Adicciones en una nueva Sociedad\u201d \u2013 Adicciones Tecnol\u00f3gicas.\u00a0<\/strong>Disertante Ingeniera Rosana Hadad Salom\u00f3n. Se realizar\u00e1 a las 10:30 horas.<\/p>\n<p>Rosana Hadad Salom\u00f3n es Ingeniera y Especialista en Ingenier\u00eda en Sistemas de Informaci\u00f3n. Profesora en Disciplinas Industriales, Universidad Tecnol\u00f3gica Nacional \u2013 Facultad Regional Tucum\u00e1n. Docente del Instituto Superior de Educaci\u00f3n Tecnol\u00f3gica de Tucum\u00e1n. Co fundadora de la UTN Solidaria de la UTN- FRT.<\/p>\n<p>Profesora vinculada a proyectos para el uso racional de las tecnolog\u00edas a trav\u00e9s de actividades como charlas, cursos dirigidos a estudiantes, docentes y padres para impulsar las buenas pr\u00e1cticas en el uso de la tecnolog\u00eda.<\/p>\n<p><strong><br \/>\n\u201cSuperaci\u00f3n ante la Adversidad\u201d.<\/strong>\u00a0Disertante\u00a0 Philippe Delevaux. Ser\u00e1 a partir de las 11:30 horas.<\/p>\n<p>Philippe es una persona para la cual no existen los l\u00edmites, desde los 23 a\u00f1os, debido a un accidente de tr\u00e1nsito, se desplaza en silla de ruedas, lo cual no es un impedimento en su vida.<\/p>\n<p>Brindar\u00e1 una charla motivacional basada en su experiencia personal con un claro mensaje de superaci\u00f3n.<\/p>\n<p>Cabe destacar que estas charlas tendr\u00e1n lugar en el Aula Magna de nuestra Facultad, en Av. Independencia 1900 &#8211; San Miguel de Tucum\u00e1n.<\/p>\n<p>Para mayor informaci\u00f3n, est\u00e1 a disposici\u00f3n el siguiente medio de contacto de la Secretar\u00eda de Extensi\u00f3n: <a href=\"mailto:articulacionsecundarios@face.unt.edu.ar\">articulacionsecundarios@face.unt.edu.ar<\/a><\/p>\n<p>&nbsp;<\/p>\n<p><a href=\"http:\/\/face.unt.edu.ar\/web\/wp-content\/uploads\/2016\/10\/afiche-olimpiadas.jpg\"><img decoding=\"async\" loading=\"lazy\" class=\"alignnone size-medium wp-image-4505\" src=\"http:\/\/face.unt.edu.ar\/web\/wp-content\/uploads\/2016\/10\/afiche-olimpiadas-211x300.jpg\" alt=\"afiche olimpiadas\" width=\"211\" height=\"300\" srcset=\"https:\/\/face.unt.edu.ar\/web\/wp-content\/uploads\/2016\/10\/afiche-olimpiadas-211x300.jpg 211w, https:\/\/face.unt.edu.ar\/web\/wp-content\/uploads\/2016\/10\/afiche-olimpiadas.jpg 714w\" sizes=\"(max-width: 211px) 100vw, 211px\" \/><\/a><\/p>\n<p>&nbsp;<\/p>\n<p>&nbsp;<\/p>\n","protected":false},"excerpt":{"rendered":"<p>&nbsp; Se realizan en nuestra Facultad las 1ras Olimp\u00edadas Acad\u00e9micas de Ciencias Econ\u00f3micas para el Nivel Secundario \u2013 2016. La actividad se desarrollar\u00e1 el 04 de Noviembre, de 09:00 a 13:30 horas. Pueden participar los estudiantes de los dos \u00faltimos a\u00f1os pertenecientes a la educaci\u00f3n del Nivel Secundario de cualquier orientaci\u00f3n. Adem\u00e1s est\u00e1n invitados a [&hellip;]<\/p>\n","protected":false},"author":2,"featured_media":4501,"comment_status":"open","ping_status":"open","sticky":false,"template":"","format":"standard","meta":{"_et_pb_use_builder":"","_et_pb_old_content":"","_et_gb_content_width":"","footnotes":""},"categories":[4],"tags":[],"_links":{"self":[{"href":"https:\/\/face.unt.edu.ar\/web\/wp-json\/wp\/v2\/posts\/4500"}],"collection":[{"href":"https:\/\/face.unt.edu.ar\/web\/wp-json\/wp\/v2\/posts"}],"about":[{"href":"https:\/\/face.unt.edu.ar\/web\/wp-json\/wp\/v2\/types\/post"}],"author":[{"embeddable":true,"href":"https:\/\/face.unt.edu.ar\/web\/wp-json\/wp\/v2\/users\/2"}],"replies":[{"embeddable":true,"href":"https:\/\/face.unt.edu.ar\/web\/wp-json\/wp\/v2\/comments?post=4500"}],"version-history":[{"count":4,"href":"https:\/\/face.unt.edu.ar\/web\/wp-json\/wp\/v2\/posts\/4500\/revisions"}],"predecessor-version":[{"id":4506,"href":"https:\/\/face.unt.edu.ar\/web\/wp-json\/wp\/v2\/posts\/4500\/revisions\/4506"}],"wp:featuredmedia":[{"embeddable":true,"href":"https:\/\/face.unt.edu.ar\/web\/wp-json\/wp\/v2\/media\/4501"}],"wp:attachment":[{"href":"https:\/\/face.unt.edu.ar\/web\/wp-json\/wp\/v2\/media?parent=4500"}],"wp:term":[{"taxonomy":"category","embeddable":true,"href":"https:\/\/face.unt.edu.ar\/web\/wp-json\/wp\/v2\/categories?post=4500"},{"taxonomy":"post_tag","embeddable":true,"href":"https:\/\/face.unt.edu.ar\/web\/wp-json\/wp\/v2\/tags?post=4500"}],"curies":[{"name":"wp","href":"https:\/\/api.w.org\/{rel}","templated":true}]}}