{"id":4524,"date":"2016-10-25T13:55:18","date_gmt":"2016-10-25T13:55:18","guid":{"rendered":"http:\/\/face.unt.edu.ar\/web\/?p=4524"},"modified":"2016-10-25T14:11:37","modified_gmt":"2016-10-25T14:11:37","slug":"asumio-la-nueva-secretaria-academica-de-nuestra-facultad","status":"publish","type":"post","link":"https:\/\/face.unt.edu.ar\/web\/blog\/asumio-la-nueva-secretaria-academica-de-nuestra-facultad\/","title":{"rendered":"Asumi\u00f3 la nueva Secretaria Acad\u00e9mica de nuestra Facultad."},"content":{"rendered":"<p style=\"text-align: justify\">En un acto llevado a cabo en nuestra facultad, la Mg. Margarita V\u00e9liz de Assaf, asumi\u00f3 en sus funciones como Secretaria Acad\u00e9mica de nuestra Casa. Encabezaron la ceremonia, el Decano, Cr. Jos\u00e9 Luis Antonio Jimenez y la vicedecana, Cra. Maria Liliana Pacheco.<br \/>\nEstuvieron presentes adem\u00e1s, docentes, no docentes, y acompa\u00f1aron muy especialmente familiares de la nueva Secretaria.<br \/>\nMargarita V\u00e9liz de Asaff, distinguida profesora, de destacada trayectoria en nuestra comunidad, y con un fuerte compromiso acad\u00e9mico, agradeci\u00f3\u00a0 a las autoridades por la tarea encomendada, y asegur\u00f3 que trabajar\u00e1 para cumplir con todos los requerimientos que le sean solicitados en su primera funci\u00f3n como parte del gabinete.<\/p>\n<p>&nbsp;<\/p>\n","protected":false},"excerpt":{"rendered":"<p>En un acto llevado a cabo en nuestra facultad, la Mg. Margarita V\u00e9liz de Assaf, asumi\u00f3 en sus funciones como Secretaria Acad\u00e9mica de nuestra Casa. Encabezaron la ceremonia, el Decano, Cr. Jos\u00e9 Luis Antonio Jimenez y la vicedecana, Cra. Maria Liliana Pacheco. Estuvieron presentes adem\u00e1s, docentes, no docentes, y acompa\u00f1aron muy especialmente familiares de la [&hellip;]<\/p>\n","protected":false},"author":3,"featured_media":4526,"comment_status":"open","ping_status":"open","sticky":false,"template":"","format":"standard","meta":{"_et_pb_use_builder":"","_et_pb_old_content":"","_et_gb_content_width":"","footnotes":""},"categories":[4],"tags":[],"_links":{"self":[{"href":"https:\/\/face.unt.edu.ar\/web\/wp-json\/wp\/v2\/posts\/4524"}],"collection":[{"href":"https:\/\/face.unt.edu.ar\/web\/wp-json\/wp\/v2\/posts"}],"about":[{"href":"https:\/\/face.unt.edu.ar\/web\/wp-json\/wp\/v2\/types\/post"}],"author":[{"embeddable":true,"href":"https:\/\/face.unt.edu.ar\/web\/wp-json\/wp\/v2\/users\/3"}],"replies":[{"embeddable":true,"href":"https:\/\/face.unt.edu.ar\/web\/wp-json\/wp\/v2\/comments?post=4524"}],"version-history":[{"count":3,"href":"https:\/\/face.unt.edu.ar\/web\/wp-json\/wp\/v2\/posts\/4524\/revisions"}],"predecessor-version":[{"id":4530,"href":"https:\/\/face.unt.edu.ar\/web\/wp-json\/wp\/v2\/posts\/4524\/revisions\/4530"}],"wp:featuredmedia":[{"embeddable":true,"href":"https:\/\/face.unt.edu.ar\/web\/wp-json\/wp\/v2\/media\/4526"}],"wp:attachment":[{"href":"https:\/\/face.unt.edu.ar\/web\/wp-json\/wp\/v2\/media?parent=4524"}],"wp:term":[{"taxonomy":"category","embeddable":true,"href":"https:\/\/face.unt.edu.ar\/web\/wp-json\/wp\/v2\/categories?post=4524"},{"taxonomy":"post_tag","embeddable":true,"href":"https:\/\/face.unt.edu.ar\/web\/wp-json\/wp\/v2\/tags?post=4524"}],"curies":[{"name":"wp","href":"https:\/\/api.w.org\/{rel}","templated":true}]}}