{"id":4572,"date":"2016-11-02T13:35:24","date_gmt":"2016-11-02T13:35:24","guid":{"rendered":"http:\/\/face.unt.edu.ar\/web\/?p=4572"},"modified":"2018-08-05T20:30:11","modified_gmt":"2018-08-05T20:30:11","slug":"beca-cin-para-tres-alumnos-de-la-facultad","status":"publish","type":"post","link":"https:\/\/face.unt.edu.ar\/web\/blog\/beca-cin-para-tres-alumnos-de-la-facultad\/","title":{"rendered":"Beca CIN para tres alumnos de la Facultad"},"content":{"rendered":"<div class=\"gmail_default\" style=\"text-align: justify\">Tres alumnos de nuestra Facultad resultaron seleccionados en la convocatoria para acceder a las\u00a0\u00a0<strong>Becas Est\u00edmulo a las Vocaciones Cient\u00edficas<\/strong> que anualmente otorga el \u00a0Consejo Interuniversitario Nacional (<span class=\"m_-1254475981646016452gmail-il\">CIN)<\/span>.<\/div>\n<p style=\"text-align: justify\"><!--more--><\/p>\n<div class=\"gmail_default\" style=\"text-align: justify\">En la edici\u00f3n 2016 se otorgaron, por un proceso competitivo basado en estricto orden de m\u00e9ritos acad\u00e9micos, 61 becas a la UNT de las cu\u00e1les 15 corresponden a Ciencias Sociales y 3 de ellas a nuestra Facultad (el link con el listado completo est\u00e1 en:\u00a0\u00a0<a href=\"http:\/\/scait.ct.unt.edu.ar\/?email_id=63&amp;user_id=3&amp;urlpassed=aHR0cDovL3NjYWl0LmN0LnVudC5lZHUuYXIvYmVjYXMvYmVjYXMtZXh0ZXJuYXMv&amp;controller=stats&amp;action=analyse&amp;wysija-page=1&amp;wysijap=subscriptions\" target=\"_blank\">http:\/\/scait.ct.unt.edu.ar\/becas\/becas-externas\/<\/a>)<\/div>\n<div class=\"gmail_default\" style=\"text-align: justify\"><\/div>\n<div class=\"gmail_default\" style=\"text-align: justify\">Se trata de los alumnos de la Licenciatura en Econom\u00eda <strong>Facundo Arga\u00f1araz<\/strong>, <strong>Leandro Svetliza<\/strong> e <strong>Isolina Zerda<\/strong>.\u00a0Los directores de las becas son: Mar\u00eda Jos\u00e9 Granado, Osvaldo Meloni y Ana Mar\u00eda Cerro, respectivamente.<\/div>\n<div class=\"gmail_default\" style=\"text-align: justify\"><\/div>\n<div class=\"gmail_default\" style=\"text-align: justify\">Las Becas otorgadas en el marco del \u201cPlan de Fortalecimiento de la Investigaci\u00f3n Cient\u00edfica, el Desarrollo Tecnol\u00f3gico y la Innovaci\u00f3n en las Universidades Nacionales\u201d (Ac. Pl. N\u00ba 676\/08 y 687\/09), el <strong>Consejo Interuniversitario Nacional (CIN)<\/strong>\u00a0 est\u00e1n destinadas a estudiantes universitarios de grado que deseen iniciar su formaci\u00f3n en investigaci\u00f3n en el marco de proyectos de investigaci\u00f3n acreditados, que se desarrollen en el \u00e1mbito de las instituciones universitarias p\u00fablicas y que cuenten con financiamiento, en disciplinas cient\u00edficas, human\u00edsticas, tecnol\u00f3gicas o art\u00edsticas.<\/div>\n","protected":false},"excerpt":{"rendered":"<p>Tres alumnos de nuestra Facultad resultaron seleccionados en la convocatoria para acceder a las\u00a0\u00a0Becas Est\u00edmulo a las Vocaciones Cient\u00edficas que anualmente otorga el \u00a0Consejo Interuniversitario Nacional (CIN).<\/p>\n","protected":false},"author":3,"featured_media":4573,"comment_status":"open","ping_status":"open","sticky":false,"template":"","format":"standard","meta":{"_et_pb_use_builder":"","_et_pb_old_content":"","_et_gb_content_width":"","footnotes":""},"categories":[237],"tags":[],"_links":{"self":[{"href":"https:\/\/face.unt.edu.ar\/web\/wp-json\/wp\/v2\/posts\/4572"}],"collection":[{"href":"https:\/\/face.unt.edu.ar\/web\/wp-json\/wp\/v2\/posts"}],"about":[{"href":"https:\/\/face.unt.edu.ar\/web\/wp-json\/wp\/v2\/types\/post"}],"author":[{"embeddable":true,"href":"https:\/\/face.unt.edu.ar\/web\/wp-json\/wp\/v2\/users\/3"}],"replies":[{"embeddable":true,"href":"https:\/\/face.unt.edu.ar\/web\/wp-json\/wp\/v2\/comments?post=4572"}],"version-history":[{"count":2,"href":"https:\/\/face.unt.edu.ar\/web\/wp-json\/wp\/v2\/posts\/4572\/revisions"}],"predecessor-version":[{"id":4575,"href":"https:\/\/face.unt.edu.ar\/web\/wp-json\/wp\/v2\/posts\/4572\/revisions\/4575"}],"wp:featuredmedia":[{"embeddable":true,"href":"https:\/\/face.unt.edu.ar\/web\/wp-json\/wp\/v2\/media\/4573"}],"wp:attachment":[{"href":"https:\/\/face.unt.edu.ar\/web\/wp-json\/wp\/v2\/media?parent=4572"}],"wp:term":[{"taxonomy":"category","embeddable":true,"href":"https:\/\/face.unt.edu.ar\/web\/wp-json\/wp\/v2\/categories?post=4572"},{"taxonomy":"post_tag","embeddable":true,"href":"https:\/\/face.unt.edu.ar\/web\/wp-json\/wp\/v2\/tags?post=4572"}],"curies":[{"name":"wp","href":"https:\/\/api.w.org\/{rel}","templated":true}]}}