{"id":4594,"date":"2016-11-03T11:22:44","date_gmt":"2016-11-03T11:22:44","guid":{"rendered":"http:\/\/face.unt.edu.ar\/web\/?p=4594"},"modified":"2016-11-03T11:23:50","modified_gmt":"2016-11-03T11:23:50","slug":"charla-superacion-ante-la-adversidad","status":"publish","type":"post","link":"https:\/\/face.unt.edu.ar\/web\/blog\/charla-superacion-ante-la-adversidad\/","title":{"rendered":"Charla \u201cSuperaci\u00f3n ante la Adversidad\u201d"},"content":{"rendered":"<p style=\"text-align: justify\">En el marco de las 1<sup>ras<\/sup> Olimp\u00edadas Acad\u00e9micas de Ciencias Econ\u00f3micas para el Nivel Secundario, como actividad complementaria se realizar\u00e1 una charla, destinada a docentes secundarios y universitarios, alumnos secundarios y universitarios y p\u00fablico en general:<\/p>\n<p><strong>\u201cSuperaci\u00f3n ante la Adversidad\u201d.<\/strong><\/p>\n<p>Estar\u00e1 a cargo de Philippe Delevaux. Ser\u00e1 este viernes 04 de Noviembre, a partir de las 11:30 horas, en el Aula Magana de esta Casa de Estudios.<\/p>\n<p>Philippe es una persona para la cual no existen los l\u00edmites, desde los 23 a\u00f1os, debido a un accidente de tr\u00e1nsito, se desplaza en silla de ruedas, lo cual no es un impedimento en su vida.<\/p>\n<p>Brindar\u00e1 una charla motivacional basada en su experiencia personal con un claro mensaje de superaci\u00f3n.<\/p>\n","protected":false},"excerpt":{"rendered":"<p>En el marco de las 1ras Olimp\u00edadas Acad\u00e9micas de Ciencias Econ\u00f3micas para el Nivel Secundario, como actividad complementaria se realizar\u00e1 una charla, destinada a docentes secundarios y universitarios, alumnos secundarios y universitarios y p\u00fablico en general: \u201cSuperaci\u00f3n ante la Adversidad\u201d. Estar\u00e1 a cargo de Philippe Delevaux. Ser\u00e1 este viernes 04 de Noviembre, a partir de [&hellip;]<\/p>\n","protected":false},"author":2,"featured_media":4595,"comment_status":"open","ping_status":"open","sticky":false,"template":"","format":"standard","meta":{"_et_pb_use_builder":"","_et_pb_old_content":"","_et_gb_content_width":"","footnotes":""},"categories":[4],"tags":[],"_links":{"self":[{"href":"https:\/\/face.unt.edu.ar\/web\/wp-json\/wp\/v2\/posts\/4594"}],"collection":[{"href":"https:\/\/face.unt.edu.ar\/web\/wp-json\/wp\/v2\/posts"}],"about":[{"href":"https:\/\/face.unt.edu.ar\/web\/wp-json\/wp\/v2\/types\/post"}],"author":[{"embeddable":true,"href":"https:\/\/face.unt.edu.ar\/web\/wp-json\/wp\/v2\/users\/2"}],"replies":[{"embeddable":true,"href":"https:\/\/face.unt.edu.ar\/web\/wp-json\/wp\/v2\/comments?post=4594"}],"version-history":[{"count":2,"href":"https:\/\/face.unt.edu.ar\/web\/wp-json\/wp\/v2\/posts\/4594\/revisions"}],"predecessor-version":[{"id":4597,"href":"https:\/\/face.unt.edu.ar\/web\/wp-json\/wp\/v2\/posts\/4594\/revisions\/4597"}],"wp:featuredmedia":[{"embeddable":true,"href":"https:\/\/face.unt.edu.ar\/web\/wp-json\/wp\/v2\/media\/4595"}],"wp:attachment":[{"href":"https:\/\/face.unt.edu.ar\/web\/wp-json\/wp\/v2\/media?parent=4594"}],"wp:term":[{"taxonomy":"category","embeddable":true,"href":"https:\/\/face.unt.edu.ar\/web\/wp-json\/wp\/v2\/categories?post=4594"},{"taxonomy":"post_tag","embeddable":true,"href":"https:\/\/face.unt.edu.ar\/web\/wp-json\/wp\/v2\/tags?post=4594"}],"curies":[{"name":"wp","href":"https:\/\/api.w.org\/{rel}","templated":true}]}}