{"id":46,"date":"2014-06-19T14:57:40","date_gmt":"2014-06-19T14:57:40","guid":{"rendered":"http:\/\/unafacultadlider.com\/webdemo\/?p=46"},"modified":"2014-06-19T14:57:40","modified_gmt":"2014-06-19T14:57:40","slug":"especializacion-en-administracion-publica-2014","status":"publish","type":"post","link":"https:\/\/face.unt.edu.ar\/web\/blog\/especializacion-en-administracion-publica-2014\/","title":{"rendered":"Especializaci\u00f3n en Administraci\u00f3n P\u00fablica &#8211; 2014"},"content":{"rendered":"<p>La carrera est\u00e1 dise\u00f1ada para formar \u201cgerentes p\u00fablicos\u201d es decir administradores capaces de responder a las necesidades de la poblaci\u00f3n, configurando organizaciones adecuadas.<!--more--><\/p>\n<p>Cuenta actualmente con reconocimiento oficial y validez nacional del t\u00edtulo, seg\u00fan Resoluci\u00f3n N\u00ba 877 \u2013CONEAU- 10 y 828\/13 del Ministerio de Educaci\u00f3n de la Naci\u00f3n.<\/p>\n<p>Dura 12 meses, con un total de 380 horas y propone un modalidad presencial, consta de 9 materias y un trabajo final integrador.<\/p>\n<p>El cuerpo acad\u00e9mico est\u00e1 formado por 23 integrantes estables. De ellos, 8 poseen t\u00edtulo m\u00e1ximo de doctor, 7 de Mag\u00edster, 2 de especialistas y 6 t\u00edtulos de grado.<\/p>\n<p>Hasta el momento la carrera se instrumento 7 veces con un promedio de 15 participantes por a\u00f1o y aprobaron todas las materias 58 alumnos y egresaron 32.<\/p>\n<p>En el ciclo 2014 se encuentran abiertas las inscripciones hasta el 30 de abril. El dictado de los cursos comienza el 5 de mayo. Se han previsto becas para el personal docente y no docente de la Universidad Nacional de Tucum\u00e1n y para graduados recientes.<\/p>\n<p>M\u00e1s informaci\u00f3n en:<\/p>\n<p>Universidad Nacional de Tucum\u00e1n. Facultad de Ciencias Econ\u00f3micas. Instituto de Administraci\u00f3n. Avda. Independencia 1900 Tel. (0381) 410-7557 o 436-4181.<\/p>\n<p>Tambi\u00e9n por e-mail: Claudia Scro: cscro@face.unt.edu.ar \u00f3<\/p>\n<p>insadmi@face.unt.edu.ar<\/p>\n","protected":false},"excerpt":{"rendered":"<p>La carrera est\u00e1 dise\u00f1ada para formar \u201cgerentes p\u00fablicos\u201d es decir administradores capaces de responder a las necesidades de la poblaci\u00f3n, configurando organizaciones adecuadas.<\/p>\n","protected":false},"author":1,"featured_media":0,"comment_status":"open","ping_status":"open","sticky":false,"template":"","format":"standard","meta":{"_et_pb_use_builder":"","_et_pb_old_content":"","_et_gb_content_width":"","footnotes":""},"categories":[5],"tags":[],"_links":{"self":[{"href":"https:\/\/face.unt.edu.ar\/web\/wp-json\/wp\/v2\/posts\/46"}],"collection":[{"href":"https:\/\/face.unt.edu.ar\/web\/wp-json\/wp\/v2\/posts"}],"about":[{"href":"https:\/\/face.unt.edu.ar\/web\/wp-json\/wp\/v2\/types\/post"}],"author":[{"embeddable":true,"href":"https:\/\/face.unt.edu.ar\/web\/wp-json\/wp\/v2\/users\/1"}],"replies":[{"embeddable":true,"href":"https:\/\/face.unt.edu.ar\/web\/wp-json\/wp\/v2\/comments?post=46"}],"version-history":[{"count":0,"href":"https:\/\/face.unt.edu.ar\/web\/wp-json\/wp\/v2\/posts\/46\/revisions"}],"wp:attachment":[{"href":"https:\/\/face.unt.edu.ar\/web\/wp-json\/wp\/v2\/media?parent=46"}],"wp:term":[{"taxonomy":"category","embeddable":true,"href":"https:\/\/face.unt.edu.ar\/web\/wp-json\/wp\/v2\/categories?post=46"},{"taxonomy":"post_tag","embeddable":true,"href":"https:\/\/face.unt.edu.ar\/web\/wp-json\/wp\/v2\/tags?post=46"}],"curies":[{"name":"wp","href":"https:\/\/api.w.org\/{rel}","templated":true}]}}