{"id":4614,"date":"2016-11-11T15:37:17","date_gmt":"2016-11-11T15:37:17","guid":{"rendered":"http:\/\/face.unt.edu.ar\/web\/?p=4614"},"modified":"2016-11-13T21:39:03","modified_gmt":"2016-11-13T21:39:03","slug":"economistas-del-ambito-internacional-disertaran-en-tucuman","status":"publish","type":"post","link":"https:\/\/face.unt.edu.ar\/web\/blog\/economistas-del-ambito-internacional-disertaran-en-tucuman\/","title":{"rendered":"Economistas del \u00e1mbito internacional disertar\u00e1n en Tucum\u00e1n"},"content":{"rendered":"<p>Las exposiciones de los presidentes del Banco Central de la Rep\u00fablica Argentina, Federico Sturzenegger y del Uruguay, Mario Bergara, y el Premio Nobel de Econom\u00eda 2012, Alvin Roth, ser\u00e1n los temas convocantes en el encuentro de especializados en econom\u00eda pol\u00edtica que se reunir\u00e1n en Tucum\u00e1n. Adem\u00e1s, se anunci\u00f3 la presencia de otras figuras destacadas del tema en el orden mundial, que presentan ponencias de actualidad.<\/p>\n<p>Tucum\u00e1n ser\u00e1 sede de la 51 Reuni\u00f3n Anual de la Asociaci\u00f3n Argentina de Econom\u00eda Pol\u00edtica, que se realizar\u00e1 los d\u00edas 16, 17 y 18 de Noviembre, en la Facultad de Derecho y Ciencias Sociales de la UNT, en el marco del A\u00f1o del Bicentenario de la Independencia.<\/p>\n<p>Este encuentro reunir\u00e1 a economistas de renombre internacional. Entre las actividades est\u00e1 prevista la realizaci\u00f3n de una Mesa Panel de los \u201cPresidentes de Bancos Centrales de Am\u00e9rica Latina\u201d, que estar\u00e1 conformada por Federico Sturzenegger (Banco Central de la Rep\u00fablica Argentina) y Mario Bergara (Banco Central de Uruguay). Tambi\u00e9n tendr\u00e1 lugar una conferencia del Premio Nobel de Econom\u00eda 2012, Prof. Alvin Roth. Adem\u00e1s habr\u00e1 una Conferencia en Memoria de Rof Mantel a cargo del Prof. Ivan Werning, del Massachussettts Institute of Tecnology (MIT), entre otros disertantes del MIT, la Universidad de Standford, la Universidad John Hopkins, la UCEMA, la UBA, la Universidad Torcuato Di Tella, la UNT y el CONICET.<\/p>\n<p>El acto de inaugural ser\u00e1 el mi\u00e9rcoles 16 de Noviembre, a las 16:30 horas, en el Aula Magna de la Facultad de Derecho y Ciencias Sociales de la UNT. Contar\u00e1 con la presencia del Mg. Jos\u00e9 Luis Jim\u00e9nez, Decano de la Facultad de Ciencias Econ\u00f3micas, el Dr. Juan Mario Jorrat, Presidente de la Asociaci\u00f3n Argentina de Econom\u00eda Pol\u00edtica y el Dr. V\u00edctor El\u00edas, representante del Comit\u00e9 Organizador.<\/p>\n<p>En el programa de la Reuni\u00f3n est\u00e1 prevista tambi\u00e9n, una visita a la Casa Hist\u00f3rica y la concurrencia a una funci\u00f3n especial de la obra teatral\u00a0\u00a0\u201cTina el Rumor de una Naci\u00f3n\u201d, puesta en escena del Ente del Bicentenario.<\/p>\n<p>Cabe destacar que la 51 Reuni\u00f3n Anual de la Asociaci\u00f3n Argentina de Econom\u00eda Pol\u00edtica fue declarada de Inter\u00e9s Legislativo por la Legislatura de Tucum\u00e1n, y de Inter\u00e9s Tur\u00edstico por el Ente Tucum\u00e1n Turismo.<\/p>\n<p>Esta actividad es organizada por el Instituto de Investigaciones Econ\u00f3micas de la Facultad de Ciencias Econ\u00f3micas de la UNT, cuyos integrantes forman parte tambi\u00e9n, de la Asociaci\u00f3n Argentina de Econom\u00eda Pol\u00edtica.<\/p>\n<p>&nbsp;<\/p>\n<p>Descargar del siguiente link el programa de acticidades:<\/p>\n<p><strong><a href=\"http:\/\/64104.track.dattanet.com\/web_public_shared\/attached\/64104\/actividades_reunion_aaep_2016.pdf?mkt_hm=2&amp;utm_source=email_marketing&amp;utm_admin=64104&amp;utm_medium=email&amp;utm_campaign=Destacados\" target=\"_blank\">Programa de actividades de la Reuni\u00f3n AAEP 2016<\/a>\u00a0\u00a0\u00a0 <\/strong><\/p>\n","protected":false},"excerpt":{"rendered":"<p>Las exposiciones de los presidentes del Banco Central de la Rep\u00fablica Argentina, Federico Sturzenegger y del Uruguay, Mario Bergara, y el Premio Nobel de Econom\u00eda 2012, Alvin Roth, ser\u00e1n los temas convocantes en el encuentro de especializados en econom\u00eda pol\u00edtica que se reunir\u00e1n en Tucum\u00e1n. Adem\u00e1s, se anunci\u00f3 la presencia de otras figuras destacadas del [&hellip;]<\/p>\n","protected":false},"author":2,"featured_media":4617,"comment_status":"open","ping_status":"open","sticky":false,"template":"","format":"standard","meta":{"_et_pb_use_builder":"","_et_pb_old_content":"","_et_gb_content_width":"","footnotes":""},"categories":[4],"tags":[],"_links":{"self":[{"href":"https:\/\/face.unt.edu.ar\/web\/wp-json\/wp\/v2\/posts\/4614"}],"collection":[{"href":"https:\/\/face.unt.edu.ar\/web\/wp-json\/wp\/v2\/posts"}],"about":[{"href":"https:\/\/face.unt.edu.ar\/web\/wp-json\/wp\/v2\/types\/post"}],"author":[{"embeddable":true,"href":"https:\/\/face.unt.edu.ar\/web\/wp-json\/wp\/v2\/users\/2"}],"replies":[{"embeddable":true,"href":"https:\/\/face.unt.edu.ar\/web\/wp-json\/wp\/v2\/comments?post=4614"}],"version-history":[{"count":3,"href":"https:\/\/face.unt.edu.ar\/web\/wp-json\/wp\/v2\/posts\/4614\/revisions"}],"predecessor-version":[{"id":4624,"href":"https:\/\/face.unt.edu.ar\/web\/wp-json\/wp\/v2\/posts\/4614\/revisions\/4624"}],"wp:featuredmedia":[{"embeddable":true,"href":"https:\/\/face.unt.edu.ar\/web\/wp-json\/wp\/v2\/media\/4617"}],"wp:attachment":[{"href":"https:\/\/face.unt.edu.ar\/web\/wp-json\/wp\/v2\/media?parent=4614"}],"wp:term":[{"taxonomy":"category","embeddable":true,"href":"https:\/\/face.unt.edu.ar\/web\/wp-json\/wp\/v2\/categories?post=4614"},{"taxonomy":"post_tag","embeddable":true,"href":"https:\/\/face.unt.edu.ar\/web\/wp-json\/wp\/v2\/tags?post=4614"}],"curies":[{"name":"wp","href":"https:\/\/api.w.org\/{rel}","templated":true}]}}