{"id":4625,"date":"2016-11-14T18:01:50","date_gmt":"2016-11-14T18:01:50","guid":{"rendered":"http:\/\/face.unt.edu.ar\/web\/?p=4625"},"modified":"2016-11-14T18:01:50","modified_gmt":"2016-11-14T18:01:50","slug":"calendario-academico-2017","status":"publish","type":"post","link":"https:\/\/face.unt.edu.ar\/web\/blog\/calendario-academico-2017\/","title":{"rendered":"Calendario Acad\u00e9mico 2017"},"content":{"rendered":"<p style=\"text-align: justify\"><span style=\"font-family: 'Arial','sans-serif'\">Desde la Facultad de Ciencias Econ\u00f3micas informamos que el Honorable Consejo Directivo aprob\u00f3 el Calendario Acad\u00e9mico 2017, establecido seg\u00fan Resoluci\u00f3n N\u00ba 441 HCD 16; el cual prev\u00e9 las fechas y tr\u00e1mites de inscripciones, pases y readmisiones; dictados de clases y fechas de ex\u00e1menes.<\/span><\/p>\n<p style=\"text-align: justify\"><span style=\"font-family: 'Arial','sans-serif'\">Descargar Resoluci\u00f3n en el siguiente link: <a href=\"https:\/\/drive.google.com\/a\/face.unt.edu.ar\/file\/d\/0BwZE7DzLP04YSUZ0Y1g2dTdna1hCclU0eGdxNWs1LVRQejBZ\/view?usp=sharing\" target=\"_blank\">Resoluci\u00f3n N\u00ba 441 HCD 16-Calendario Academico-2017<\/a><\/span><\/p>\n","protected":false},"excerpt":{"rendered":"<p>Desde la Facultad de Ciencias Econ\u00f3micas informamos que el Honorable Consejo Directivo aprob\u00f3 el Calendario Acad\u00e9mico 2017, establecido seg\u00fan Resoluci\u00f3n N\u00ba 441 HCD 16; el cual prev\u00e9 las fechas y tr\u00e1mites de inscripciones, pases y readmisiones; dictados de clases y fechas de ex\u00e1menes. Descargar Resoluci\u00f3n en el siguiente link: Resoluci\u00f3n N\u00ba 441 HCD 16-Calendario Academico-2017<\/p>\n","protected":false},"author":2,"featured_media":1613,"comment_status":"open","ping_status":"open","sticky":false,"template":"","format":"standard","meta":{"_et_pb_use_builder":"","_et_pb_old_content":"","_et_gb_content_width":"","footnotes":""},"categories":[4],"tags":[],"_links":{"self":[{"href":"https:\/\/face.unt.edu.ar\/web\/wp-json\/wp\/v2\/posts\/4625"}],"collection":[{"href":"https:\/\/face.unt.edu.ar\/web\/wp-json\/wp\/v2\/posts"}],"about":[{"href":"https:\/\/face.unt.edu.ar\/web\/wp-json\/wp\/v2\/types\/post"}],"author":[{"embeddable":true,"href":"https:\/\/face.unt.edu.ar\/web\/wp-json\/wp\/v2\/users\/2"}],"replies":[{"embeddable":true,"href":"https:\/\/face.unt.edu.ar\/web\/wp-json\/wp\/v2\/comments?post=4625"}],"version-history":[{"count":1,"href":"https:\/\/face.unt.edu.ar\/web\/wp-json\/wp\/v2\/posts\/4625\/revisions"}],"predecessor-version":[{"id":4626,"href":"https:\/\/face.unt.edu.ar\/web\/wp-json\/wp\/v2\/posts\/4625\/revisions\/4626"}],"wp:featuredmedia":[{"embeddable":true,"href":"https:\/\/face.unt.edu.ar\/web\/wp-json\/wp\/v2\/media\/1613"}],"wp:attachment":[{"href":"https:\/\/face.unt.edu.ar\/web\/wp-json\/wp\/v2\/media?parent=4625"}],"wp:term":[{"taxonomy":"category","embeddable":true,"href":"https:\/\/face.unt.edu.ar\/web\/wp-json\/wp\/v2\/categories?post=4625"},{"taxonomy":"post_tag","embeddable":true,"href":"https:\/\/face.unt.edu.ar\/web\/wp-json\/wp\/v2\/tags?post=4625"}],"curies":[{"name":"wp","href":"https:\/\/api.w.org\/{rel}","templated":true}]}}