{"id":4627,"date":"2016-11-14T16:54:38","date_gmt":"2016-11-14T16:54:38","guid":{"rendered":"http:\/\/face.unt.edu.ar\/web\/?p=4627"},"modified":"2016-11-14T16:55:09","modified_gmt":"2016-11-14T16:55:09","slug":"aclaracion-por-informacion-erronea-de-la-gaceta","status":"publish","type":"post","link":"https:\/\/face.unt.edu.ar\/web\/blog\/aclaracion-por-informacion-erronea-de-la-gaceta\/","title":{"rendered":"Aclaraci\u00f3n por informaci\u00f3n err\u00f3nea de La Gaceta"},"content":{"rendered":"<p>A la comunidad de Ciencias Econ\u00f3micas:<\/p>\n<p>Nos dirigimos a Ustedes ante la informaci\u00f3n brindada por el diario La Gaceta el d\u00eda de ayer (domingo 13 de Noviembre 2016), en la cual se afirma que nuestra Facultad habr\u00eda recibido un Subsidio del Gobierno Nacional. A continuaci\u00f3n citamos el p\u00e1rrafo de La Gaceta:<!--more--><\/p>\n<p><em>&#8230;En cuanto al \u00edtem \u201cTransferencias al sector privado para gastos de capital\u201d, que registra una ejecuci\u00f3n de m\u00e1s de $ 5 millones, Figueroa explic\u00f3 que se debe a un remanente del convenio que realiz\u00f3 la facultad de Ciencias Econ\u00f3micas con el Ministerio de Planificaci\u00f3n que manejaba <strong>Julio de Vido<\/strong>. \u201cVino afectada a recursos de capital y es por el programa Ellas Hacen, que lo han utilizado para los aires acondicionados del anfiteatro\u201d, dijo&#8230; \u00a0<\/em><\/p>\n<p>En tal sentido queremos aclarar a toda la comunidad de la Facultad,\u00a0 que la misma es totalmente infundada. Nuestra Facultad en \u00a0ning\u00fan momento recibi\u00f3 subsidio alguno del Gobierno Nacional.\u00a0Desconocemos el origen de la noticia, pero creemos necesario hacer esta aclaraci\u00f3n por la responsabilidad de la gesti\u00f3n y el respeto que merece toda la comunidad a la que pertenecemos.<\/p>\n","protected":false},"excerpt":{"rendered":"<p>A la comunidad de Ciencias Econ\u00f3micas: Nos dirigimos a Ustedes ante la informaci\u00f3n brindada por el diario La Gaceta el d\u00eda de ayer (domingo 13 de Noviembre 2016), en la cual se afirma que nuestra Facultad habr\u00eda recibido un Subsidio del Gobierno Nacional. A continuaci\u00f3n citamos el p\u00e1rrafo de La Gaceta:<\/p>\n","protected":false},"author":2,"featured_media":1613,"comment_status":"open","ping_status":"open","sticky":false,"template":"","format":"standard","meta":{"_et_pb_use_builder":"","_et_pb_old_content":"","_et_gb_content_width":"","footnotes":""},"categories":[4],"tags":[],"_links":{"self":[{"href":"https:\/\/face.unt.edu.ar\/web\/wp-json\/wp\/v2\/posts\/4627"}],"collection":[{"href":"https:\/\/face.unt.edu.ar\/web\/wp-json\/wp\/v2\/posts"}],"about":[{"href":"https:\/\/face.unt.edu.ar\/web\/wp-json\/wp\/v2\/types\/post"}],"author":[{"embeddable":true,"href":"https:\/\/face.unt.edu.ar\/web\/wp-json\/wp\/v2\/users\/2"}],"replies":[{"embeddable":true,"href":"https:\/\/face.unt.edu.ar\/web\/wp-json\/wp\/v2\/comments?post=4627"}],"version-history":[{"count":2,"href":"https:\/\/face.unt.edu.ar\/web\/wp-json\/wp\/v2\/posts\/4627\/revisions"}],"predecessor-version":[{"id":4629,"href":"https:\/\/face.unt.edu.ar\/web\/wp-json\/wp\/v2\/posts\/4627\/revisions\/4629"}],"wp:featuredmedia":[{"embeddable":true,"href":"https:\/\/face.unt.edu.ar\/web\/wp-json\/wp\/v2\/media\/1613"}],"wp:attachment":[{"href":"https:\/\/face.unt.edu.ar\/web\/wp-json\/wp\/v2\/media?parent=4627"}],"wp:term":[{"taxonomy":"category","embeddable":true,"href":"https:\/\/face.unt.edu.ar\/web\/wp-json\/wp\/v2\/categories?post=4627"},{"taxonomy":"post_tag","embeddable":true,"href":"https:\/\/face.unt.edu.ar\/web\/wp-json\/wp\/v2\/tags?post=4627"}],"curies":[{"name":"wp","href":"https:\/\/api.w.org\/{rel}","templated":true}]}}