{"id":4671,"date":"2016-11-23T15:52:08","date_gmt":"2016-11-23T15:52:08","guid":{"rendered":"http:\/\/face.unt.edu.ar\/web\/?p=4671"},"modified":"2016-11-23T15:52:08","modified_gmt":"2016-11-23T15:52:08","slug":"plenario-cultural-abierto-de-la-juventud-del-bicentenario","status":"publish","type":"post","link":"https:\/\/face.unt.edu.ar\/web\/blog\/plenario-cultural-abierto-de-la-juventud-del-bicentenario\/","title":{"rendered":"Plenario Cultural Abierto de la Juventud del Bicentenario"},"content":{"rendered":"<div id=\"x_yui_3_16_0_1_1479913932150_8583\" dir=\"ltr\" style=\"text-align: justify\">En conmemoraci\u00f3n por el D\u00eda de la Soberan\u00eda Nacional, consagrada all\u00e1 por 1845 en la Batalla de la Vuelta de Obligado, la agrupaci\u00f3n \u00abJuventud en Positivo\u00bb invita a los j\u00f3venes a participar de la Charla \u00abLa Lucha actual por la soberan\u00eda Econ\u00f3mica Argentina\u00bb, a cargo del Dr. Hugo Ferullo.<\/div>\n<div dir=\"ltr\" style=\"text-align: justify\">La misma se llevar\u00e1 a cabo el d\u00eda viernes 25 de noviembre, a las 19 horas en la Plaza Belgrano de nuestra ciudad.<\/div>\n<div dir=\"ltr\" style=\"text-align: justify\"><\/div>\n<div dir=\"ltr\" style=\"text-align: justify\">La agrupaci\u00f3n \u00abJuventud en Positivo\u00bb se define como una agrupaci\u00f3n joven que se preocupa por la conciencia, reflexi\u00f3n, potenciaci\u00f3n y recuperaci\u00f3n de nuestros valores como sociedad.<\/div>\n<div dir=\"ltr\" style=\"text-align: justify\"><\/div>\n<div dir=\"ltr\" style=\"text-align: justify\"><a href=\"http:\/\/face.unt.edu.ar\/web\/wp-content\/uploads\/2016\/11\/SOBERANIA-1.jpg\"><img decoding=\"async\" loading=\"lazy\" class=\"aligncenter wp-image-4673 size-large\" src=\"http:\/\/face.unt.edu.ar\/web\/wp-content\/uploads\/2016\/11\/SOBERANIA-1-724x1024.jpg\" alt=\"SOBERANIA\" width=\"724\" height=\"1024\" srcset=\"https:\/\/face.unt.edu.ar\/web\/wp-content\/uploads\/2016\/11\/SOBERANIA-1-724x1024.jpg 724w, https:\/\/face.unt.edu.ar\/web\/wp-content\/uploads\/2016\/11\/SOBERANIA-1-212x300.jpg 212w, https:\/\/face.unt.edu.ar\/web\/wp-content\/uploads\/2016\/11\/SOBERANIA-1-768x1087.jpg 768w, https:\/\/face.unt.edu.ar\/web\/wp-content\/uploads\/2016\/11\/SOBERANIA-1.jpg 877w\" sizes=\"(max-width: 724px) 100vw, 724px\" \/><\/a><\/div>\n","protected":false},"excerpt":{"rendered":"<p>En conmemoraci\u00f3n por el D\u00eda de la Soberan\u00eda Nacional, consagrada all\u00e1 por 1845 en la Batalla de la Vuelta de Obligado, la agrupaci\u00f3n \u00abJuventud en Positivo\u00bb invita a los j\u00f3venes a participar de la Charla \u00abLa Lucha actual por la soberan\u00eda Econ\u00f3mica Argentina\u00bb, a cargo del Dr. Hugo Ferullo. La misma se llevar\u00e1 a cabo [&hellip;]<\/p>\n","protected":false},"author":3,"featured_media":4672,"comment_status":"open","ping_status":"open","sticky":false,"template":"","format":"standard","meta":{"_et_pb_use_builder":"","_et_pb_old_content":"","_et_gb_content_width":"","footnotes":""},"categories":[4],"tags":[],"_links":{"self":[{"href":"https:\/\/face.unt.edu.ar\/web\/wp-json\/wp\/v2\/posts\/4671"}],"collection":[{"href":"https:\/\/face.unt.edu.ar\/web\/wp-json\/wp\/v2\/posts"}],"about":[{"href":"https:\/\/face.unt.edu.ar\/web\/wp-json\/wp\/v2\/types\/post"}],"author":[{"embeddable":true,"href":"https:\/\/face.unt.edu.ar\/web\/wp-json\/wp\/v2\/users\/3"}],"replies":[{"embeddable":true,"href":"https:\/\/face.unt.edu.ar\/web\/wp-json\/wp\/v2\/comments?post=4671"}],"version-history":[{"count":1,"href":"https:\/\/face.unt.edu.ar\/web\/wp-json\/wp\/v2\/posts\/4671\/revisions"}],"predecessor-version":[{"id":4674,"href":"https:\/\/face.unt.edu.ar\/web\/wp-json\/wp\/v2\/posts\/4671\/revisions\/4674"}],"wp:featuredmedia":[{"embeddable":true,"href":"https:\/\/face.unt.edu.ar\/web\/wp-json\/wp\/v2\/media\/4672"}],"wp:attachment":[{"href":"https:\/\/face.unt.edu.ar\/web\/wp-json\/wp\/v2\/media?parent=4671"}],"wp:term":[{"taxonomy":"category","embeddable":true,"href":"https:\/\/face.unt.edu.ar\/web\/wp-json\/wp\/v2\/categories?post=4671"},{"taxonomy":"post_tag","embeddable":true,"href":"https:\/\/face.unt.edu.ar\/web\/wp-json\/wp\/v2\/tags?post=4671"}],"curies":[{"name":"wp","href":"https:\/\/api.w.org\/{rel}","templated":true}]}}