{"id":4676,"date":"2016-11-25T15:07:06","date_gmt":"2016-11-25T15:07:06","guid":{"rendered":"http:\/\/face.unt.edu.ar\/web\/?p=4676"},"modified":"2016-11-25T15:15:48","modified_gmt":"2016-11-25T15:15:48","slug":"breve-comentario-sobre-el-estado-de-la-educacion-en-argentina-resumen-sobre-la-calidad","status":"publish","type":"post","link":"https:\/\/face.unt.edu.ar\/web\/blog\/breve-comentario-sobre-el-estado-de-la-educacion-en-argentina-resumen-sobre-la-calidad\/","title":{"rendered":"Breve comentario sobre el estado de la Educaci\u00f3n en Argentina. Resumen sobre la \u201cCalidad\u201d"},"content":{"rendered":"<ul>\n<li>Por Lic. Liliana Maci\u00e1n de Barbieri. INVECO &#8211; FCE- UNT<\/li>\n<\/ul>\n<p>En este art\u00edculo me pregunto \u00bfC\u00f3mo nos encuentra en materia educativa estos 200 a\u00f1os que est\u00e1 cumpliendo Argentina como Pa\u00eds?, \u00bfqu\u00e9 se estuvo haciendo con la Educaci\u00f3n y, si bastar\u00e1n los buenos prop\u00f3sitos de las leyes hoy vigentes?<\/p>\n<p>En nuestro pa\u00eds se han realizado importantes y recientes reformas al sistema educativo, incluso con fuerza de Ley.<a href=\"#_ftn1\" name=\"_ftnref1\">[1]<\/a> Ya desde la normativa que aparece a partir de los a\u00f1os 90, observamos que se han concretado iniciativas con el objeto de incrementar la cantidad de educaci\u00f3n ofrecida, lograr que se cumpla con el n\u00famero de d\u00edas de clases planificados, que se incorpore una mayor cantidad de ni\u00f1os y j\u00f3venes a la escuela y a partir de una menor edad. Asimismo se destaca que se busc\u00f3 hacerlo procurando equidad y tratando de conseguir, adem\u00e1s, calidad educativa. La ley vigente propone ir \u201chacia una educaci\u00f3n de calidad para una sociedad m\u00e1s justa\u201d.<\/p>\n<p>La \u00faltima y m\u00e1s reciente Ley sobre la Educaci\u00f3n en Argentina es la Ley de Educaci\u00f3n Nacional, N\u00ba 26.206, aprobada en Diciembre de 2006, es bastante extensa por cierto, consta de 12 t\u00edtulos con sus respectivos cap\u00edtulos y 145 art\u00edculos en total, abarcando numerosos aspectos de lo que se pretende que sea la educaci\u00f3n para el nuevo siglo.<\/p>\n<p>Un aspecto digno de destacar de esta Ley es lo establecido en su art\u00edculo 16 donde dice:<\/p>\n<p>\u201cLa obligatoriedad escolar en todo el pa\u00eds se extiende desde la edad de CINCO (5) a\u00f1os hasta la finalizaci\u00f3n del nivel de la Educaci\u00f3n Secundaria. El Ministerio de Educaci\u00f3n, Ciencia y Tecnolog\u00eda y las autoridades jurisdiccionales competentes asegurar\u00e1n el cumplimiento de la obligatoriedad escolar a trav\u00e9s de alternativas institucionales, pedag\u00f3gicas y de promoci\u00f3n de derechos, que se ajusten a los requerimientos locales y comunitarios, urbanos y rurales, mediante acciones que permitan alcanzar resultados de calidad equivalente en todo el pa\u00eds y en todas las situaciones sociales. Mientras que en el art\u00edculo 18 y 19 del cap II se\u00f1ala:<\/p>\n<p>\u201cLa Educaci\u00f3n Inicial constituye una unidad pedag\u00f3gica y comprende a los\/as ni\u00f1os\/as desde los CUARENTA Y CINCO (45) d\u00edas hasta los CINCO (5) a\u00f1os de edad inclusive, siendo obligatorio el \u00faltimo a\u00f1o. Y, \u00a0\u201cEl Estado nacional, las provincias y la Ciudad Aut\u00f3noma de Buenos Aires tienen la obligaci\u00f3n de universalizar los servicios educativos para los\/as ni\u00f1os\/as de CUATRO (4) a\u00f1os de edad\u201d.<\/p>\n<p>Sin embargo es respecto a la <strong>Calidad de la Educaci\u00f3n<\/strong>, tema importante y \u00a0bastante discutido al que me quiero referir de modo especial en este art\u00edculo.<\/p>\n<p><a href=\"https:\/\/drive.google.com\/file\/d\/0BwZE7DzLP04YQWFqU2pvSkhabXM\/view?usp=sharing\" target=\"_blank\">Hacer click aqu\u00ed para continuar leyendo en comentario completo.<\/a><\/p>\n<p>&nbsp;<\/p>\n<p><a href=\"http:\/\/www.lagaceta.com.ar\/nota\/703745\/sociedad\/son-diversos-factores-influyen-resultados.html\" target=\"_blank\">Link a la publicaci\u00f3n de La Gaceta<\/a><\/p>\n","protected":false},"excerpt":{"rendered":"<p>Por Lic. Liliana Maci\u00e1n de Barbieri. INVECO &#8211; FCE- UNT En este art\u00edculo me pregunto \u00bfC\u00f3mo nos encuentra en materia educativa estos 200 a\u00f1os que est\u00e1 cumpliendo Argentina como Pa\u00eds?, \u00bfqu\u00e9 se estuvo haciendo con la Educaci\u00f3n y, si bastar\u00e1n los buenos prop\u00f3sitos de las leyes hoy vigentes? En nuestro pa\u00eds se han realizado importantes [&hellip;]<\/p>\n","protected":false},"author":2,"featured_media":4677,"comment_status":"open","ping_status":"open","sticky":false,"template":"","format":"standard","meta":{"_et_pb_use_builder":"","_et_pb_old_content":"","_et_gb_content_width":"","footnotes":""},"categories":[4,11],"tags":[],"_links":{"self":[{"href":"https:\/\/face.unt.edu.ar\/web\/wp-json\/wp\/v2\/posts\/4676"}],"collection":[{"href":"https:\/\/face.unt.edu.ar\/web\/wp-json\/wp\/v2\/posts"}],"about":[{"href":"https:\/\/face.unt.edu.ar\/web\/wp-json\/wp\/v2\/types\/post"}],"author":[{"embeddable":true,"href":"https:\/\/face.unt.edu.ar\/web\/wp-json\/wp\/v2\/users\/2"}],"replies":[{"embeddable":true,"href":"https:\/\/face.unt.edu.ar\/web\/wp-json\/wp\/v2\/comments?post=4676"}],"version-history":[{"count":3,"href":"https:\/\/face.unt.edu.ar\/web\/wp-json\/wp\/v2\/posts\/4676\/revisions"}],"predecessor-version":[{"id":4680,"href":"https:\/\/face.unt.edu.ar\/web\/wp-json\/wp\/v2\/posts\/4676\/revisions\/4680"}],"wp:featuredmedia":[{"embeddable":true,"href":"https:\/\/face.unt.edu.ar\/web\/wp-json\/wp\/v2\/media\/4677"}],"wp:attachment":[{"href":"https:\/\/face.unt.edu.ar\/web\/wp-json\/wp\/v2\/media?parent=4676"}],"wp:term":[{"taxonomy":"category","embeddable":true,"href":"https:\/\/face.unt.edu.ar\/web\/wp-json\/wp\/v2\/categories?post=4676"},{"taxonomy":"post_tag","embeddable":true,"href":"https:\/\/face.unt.edu.ar\/web\/wp-json\/wp\/v2\/tags?post=4676"}],"curies":[{"name":"wp","href":"https:\/\/api.w.org\/{rel}","templated":true}]}}