{"id":4682,"date":"2016-11-29T14:47:19","date_gmt":"2016-11-29T14:47:19","guid":{"rendered":"http:\/\/face.unt.edu.ar\/web\/?p=4682"},"modified":"2016-11-29T14:47:19","modified_gmt":"2016-11-29T14:47:19","slug":"resultados-de-las-olimpiadas-academicas-realizadas-el-4-de-noviembre","status":"publish","type":"post","link":"https:\/\/face.unt.edu.ar\/web\/blog\/resultados-de-las-olimpiadas-academicas-realizadas-el-4-de-noviembre\/","title":{"rendered":"Resultados de las Olimpiadas Acad\u00e9micas realizadas el 4 de Noviembre"},"content":{"rendered":"<p>Desde la Facultad de Ciencias Econ\u00f3micas damos a conocer los resultados de las<strong><span style=\"color: #0000ff\"> <a style=\"color: #0000ff\" href=\"http:\/\/face.unt.edu.ar\/web\/olimpiadas-academicas-de-ciencias-economicas\/\">Olimpiadas Acad\u00e9micas<\/a> <\/span><\/strong>realizadas el 4 de Noviembre en nuestra Casa.<\/p>\n<p>As\u00ed mismo, se informa que el acto de entrega de premios se har\u00e1 el d\u00eda viernes 2 de diciembre, a las 10 horas, en el Aula 1 de posgrado de nuestra Facultad.<\/p>\n<p><a href=\"http:\/\/face.unt.edu.ar\/web\/wp-content\/uploads\/2016\/08\/premios-olimpiadas.jpg\"><img decoding=\"async\" loading=\"lazy\" class=\"wp-image-4662 size-medium aligncenter\" src=\"http:\/\/face.unt.edu.ar\/web\/wp-content\/uploads\/2016\/08\/premios-olimpiadas-300x230.jpg\" alt=\"premios-olimpiadas\" width=\"300\" height=\"230\" srcset=\"https:\/\/face.unt.edu.ar\/web\/wp-content\/uploads\/2016\/08\/premios-olimpiadas-300x230.jpg 300w, https:\/\/face.unt.edu.ar\/web\/wp-content\/uploads\/2016\/08\/premios-olimpiadas-768x590.jpg 768w, https:\/\/face.unt.edu.ar\/web\/wp-content\/uploads\/2016\/08\/premios-olimpiadas.jpg 896w\" sizes=\"(max-width: 300px) 100vw, 300px\" \/><\/a><\/p>\n","protected":false},"excerpt":{"rendered":"<p>Desde la Facultad de Ciencias Econ\u00f3micas damos a conocer los resultados de las Olimpiadas Acad\u00e9micas realizadas el 4 de Noviembre en nuestra Casa. As\u00ed mismo, se informa que el acto de entrega de premios se har\u00e1 el d\u00eda viernes 2 de diciembre, a las 10 horas, en el Aula 1 de posgrado de nuestra Facultad.<\/p>\n","protected":false},"author":3,"featured_media":4684,"comment_status":"open","ping_status":"open","sticky":false,"template":"","format":"standard","meta":{"_et_pb_use_builder":"","_et_pb_old_content":"","_et_gb_content_width":"","footnotes":""},"categories":[4],"tags":[],"_links":{"self":[{"href":"https:\/\/face.unt.edu.ar\/web\/wp-json\/wp\/v2\/posts\/4682"}],"collection":[{"href":"https:\/\/face.unt.edu.ar\/web\/wp-json\/wp\/v2\/posts"}],"about":[{"href":"https:\/\/face.unt.edu.ar\/web\/wp-json\/wp\/v2\/types\/post"}],"author":[{"embeddable":true,"href":"https:\/\/face.unt.edu.ar\/web\/wp-json\/wp\/v2\/users\/3"}],"replies":[{"embeddable":true,"href":"https:\/\/face.unt.edu.ar\/web\/wp-json\/wp\/v2\/comments?post=4682"}],"version-history":[{"count":2,"href":"https:\/\/face.unt.edu.ar\/web\/wp-json\/wp\/v2\/posts\/4682\/revisions"}],"predecessor-version":[{"id":4685,"href":"https:\/\/face.unt.edu.ar\/web\/wp-json\/wp\/v2\/posts\/4682\/revisions\/4685"}],"wp:featuredmedia":[{"embeddable":true,"href":"https:\/\/face.unt.edu.ar\/web\/wp-json\/wp\/v2\/media\/4684"}],"wp:attachment":[{"href":"https:\/\/face.unt.edu.ar\/web\/wp-json\/wp\/v2\/media?parent=4682"}],"wp:term":[{"taxonomy":"category","embeddable":true,"href":"https:\/\/face.unt.edu.ar\/web\/wp-json\/wp\/v2\/categories?post=4682"},{"taxonomy":"post_tag","embeddable":true,"href":"https:\/\/face.unt.edu.ar\/web\/wp-json\/wp\/v2\/tags?post=4682"}],"curies":[{"name":"wp","href":"https:\/\/api.w.org\/{rel}","templated":true}]}}