{"id":4726,"date":"2017-01-20T03:53:54","date_gmt":"2017-01-20T03:53:54","guid":{"rendered":"http:\/\/face.unt.edu.ar\/web\/?p=4726"},"modified":"2017-06-23T14:15:14","modified_gmt":"2017-06-23T14:15:14","slug":"la-face-continua-con-la-campana-juntos-lo-haremos-posible","status":"publish","type":"post","link":"https:\/\/face.unt.edu.ar\/web\/blog\/la-face-continua-con-la-campana-juntos-lo-haremos-posible\/","title":{"rendered":"La Face continua con la Campa\u00f1a \u00abJuntos lo haremos posible\u00bb"},"content":{"rendered":"<p class=\"x_MsoNormal\" style=\"text-align: justify;\">La Facultad contin\u00faa con las gestiones para recaudar fondos destinados a\u00a0la compra de aires acondicionados para los \u00abAnfiteatros A3 y A4\u00bb \u00a0donde se imparten clases a alumnos de nuestra casa de estudios y de\u00a0distintas facultades emplazadas en el predio de la Quinta Agron\u00f3mica.. En ese sentido el pasado viernes, la vicedecana de la Facultad de Ciencias Econ\u00f3micas, Mg. Mar\u00eda Liliana Pacheco, visit\u00f3 al Vicegobernador de la Provincia, contador \u00a0<a href=\"http:\/\/www.osvaldojaldo.com.ar\/\" target=\"_blank\">Osvaldo Jaldo<\/a>.<!--more--><\/p>\n<p class=\"x_MsoNormal\" style=\"text-align: justify;\">Con la campa\u00f1a iniciada a mediados de 2016, se pretende contribuir al bienestar de alumnos y docentes \u00a0que diariamente concurren a los anfiteatros, cada uno con capacidad de alrededor de 450 alumnos. Cabe destacar que 190 personas colaboraron ya, entre alumnos, docentes y empresas privadas.<\/p>\n","protected":false},"excerpt":{"rendered":"<p>La Facultad contin\u00faa con las gestiones para recaudar fondos destinados a\u00a0la compra de aires acondicionados para los \u00abAnfiteatros A3 y A4\u00bb \u00a0donde se imparten clases a alumnos de nuestra casa de estudios y de\u00a0distintas facultades emplazadas en el predio de la Quinta Agron\u00f3mica.. En ese sentido el pasado viernes, la vicedecana de la Facultad de [&hellip;]<\/p>\n","protected":false},"author":3,"featured_media":4727,"comment_status":"open","ping_status":"open","sticky":false,"template":"","format":"standard","meta":{"_et_pb_use_builder":"","_et_pb_old_content":"","_et_gb_content_width":"","footnotes":""},"categories":[4],"tags":[],"_links":{"self":[{"href":"https:\/\/face.unt.edu.ar\/web\/wp-json\/wp\/v2\/posts\/4726"}],"collection":[{"href":"https:\/\/face.unt.edu.ar\/web\/wp-json\/wp\/v2\/posts"}],"about":[{"href":"https:\/\/face.unt.edu.ar\/web\/wp-json\/wp\/v2\/types\/post"}],"author":[{"embeddable":true,"href":"https:\/\/face.unt.edu.ar\/web\/wp-json\/wp\/v2\/users\/3"}],"replies":[{"embeddable":true,"href":"https:\/\/face.unt.edu.ar\/web\/wp-json\/wp\/v2\/comments?post=4726"}],"version-history":[{"count":2,"href":"https:\/\/face.unt.edu.ar\/web\/wp-json\/wp\/v2\/posts\/4726\/revisions"}],"predecessor-version":[{"id":5479,"href":"https:\/\/face.unt.edu.ar\/web\/wp-json\/wp\/v2\/posts\/4726\/revisions\/5479"}],"wp:featuredmedia":[{"embeddable":true,"href":"https:\/\/face.unt.edu.ar\/web\/wp-json\/wp\/v2\/media\/4727"}],"wp:attachment":[{"href":"https:\/\/face.unt.edu.ar\/web\/wp-json\/wp\/v2\/media?parent=4726"}],"wp:term":[{"taxonomy":"category","embeddable":true,"href":"https:\/\/face.unt.edu.ar\/web\/wp-json\/wp\/v2\/categories?post=4726"},{"taxonomy":"post_tag","embeddable":true,"href":"https:\/\/face.unt.edu.ar\/web\/wp-json\/wp\/v2\/tags?post=4726"}],"curies":[{"name":"wp","href":"https:\/\/api.w.org\/{rel}","templated":true}]}}