{"id":4740,"date":"2017-02-15T00:48:23","date_gmt":"2017-02-15T00:48:23","guid":{"rendered":"http:\/\/face.unt.edu.ar\/web\/?p=4740"},"modified":"2017-02-15T00:49:33","modified_gmt":"2017-02-15T00:49:33","slug":"alumnos-podran-participar-de-cursos-de-verano-en-la-universidad-internacional-de-andalucia","status":"publish","type":"post","link":"https:\/\/face.unt.edu.ar\/web\/blog\/alumnos-podran-participar-de-cursos-de-verano-en-la-universidad-internacional-de-andalucia\/","title":{"rendered":"Alumnos podr\u00e1n participar de cursos de verano en la Universidad Internacional de Andaluc\u00eda."},"content":{"rendered":"<p>Se convoca a alumnos procedentes de distintas Universidades miembros del Grupo R\u00e1bida, a participar de \u00a0los Cursos de Verano que se celebrar\u00e1n en el Campus Santa Mar\u00eda de La R\u00e1bida de la Universidad Internacional de Andaluc\u00eda, del 10 al 28 de julio de 2017. \u00a0El plazo de presentaci\u00f3n de solicitudes finaliza el 15 de mayo de 2017.<!--more--><\/p>\n<p>&nbsp;<\/p>\n<p>La Universidad Internacional de Andaluc\u00eda convoca para el a\u00f1o 2017 veinticinco (25) ayudas, una por cada universidad que la solicite, para facilitar la movilidad de alumnos procedentes de las distintas Universidades miembros del Grupo R\u00e1bida a los Cursos de Verano que se celebren en el Campus Santa Mar\u00eda de La R\u00e1bida de la Universidad Internacional de Andaluc\u00eda, del 10 al 28 de julio de 2017.<\/p>\n<p>&nbsp;<\/p>\n<p>Las Ayudas contempladas en la presente convocatoria financiar\u00e1n\u00a0los gastos de apertura de expediente, matr\u00edcula, alojamiento y manutenci\u00f3n por un importe total de 6.00 euros, durante la estancia en el mencionado campus con el objetivo de:<br \/>\n1. Facilitar el desarrollo de relaciones estables de cooperaci\u00f3n acad\u00e9mica en los \u00e1mbitos entre las distintas universidades ligadas al Grupo La R\u00e1bida.<br \/>\n2. Facilitar la movilidad y estancia de alumnos vinculados a universidades del \u00e1mbito iberoamericano y pertenecientes al Grupo La R\u00e1bida.<\/p>\n<p>&nbsp;<\/p>\n<p>&nbsp;<\/p>\n<p>&nbsp;<\/p>\n<p>&nbsp;<\/p>\n<p>El texto de la convocatoria y sus anexos podr\u00e1 descargarse en la p\u00e1gina <span style=\"color: #0000ff\"><a style=\"color: #0000ff\" href=\"http:\/\/www.grupolarabida.org\/\">www.grupolarabida.org<\/a><\/span><\/p>\n<p>Las solicitudes deber\u00e1n presentarse ante el Registro de la Universidad Internacional de Andaluc\u00eda en la direcci\u00f3n postal: Campus Santa Mar\u00eda de La R\u00e1bida, 21819 Paraje de La R\u00e1bida, Palos de la Frontera, Huelva, Espa\u00f1a; y por e-mail a la direcci\u00f3n electr\u00f3nica: registro.larabida@unia.es<\/p>\n<p>&nbsp;<\/p>\n<p>&nbsp;<\/p>\n<p>&nbsp;<\/p>\n<p>&nbsp;<\/p>\n<p>&nbsp;<\/p>\n","protected":false},"excerpt":{"rendered":"<p>Se convoca a alumnos procedentes de distintas Universidades miembros del Grupo R\u00e1bida, a participar de \u00a0los Cursos de Verano que se celebrar\u00e1n en el Campus Santa Mar\u00eda de La R\u00e1bida de la Universidad Internacional de Andaluc\u00eda, del 10 al 28 de julio de 2017. \u00a0El plazo de presentaci\u00f3n de solicitudes finaliza el 15 de mayo [&hellip;]<\/p>\n","protected":false},"author":3,"featured_media":4749,"comment_status":"open","ping_status":"open","sticky":false,"template":"","format":"standard","meta":{"_et_pb_use_builder":"","_et_pb_old_content":"","_et_gb_content_width":"","footnotes":""},"categories":[4],"tags":[],"_links":{"self":[{"href":"https:\/\/face.unt.edu.ar\/web\/wp-json\/wp\/v2\/posts\/4740"}],"collection":[{"href":"https:\/\/face.unt.edu.ar\/web\/wp-json\/wp\/v2\/posts"}],"about":[{"href":"https:\/\/face.unt.edu.ar\/web\/wp-json\/wp\/v2\/types\/post"}],"author":[{"embeddable":true,"href":"https:\/\/face.unt.edu.ar\/web\/wp-json\/wp\/v2\/users\/3"}],"replies":[{"embeddable":true,"href":"https:\/\/face.unt.edu.ar\/web\/wp-json\/wp\/v2\/comments?post=4740"}],"version-history":[{"count":1,"href":"https:\/\/face.unt.edu.ar\/web\/wp-json\/wp\/v2\/posts\/4740\/revisions"}],"predecessor-version":[{"id":4748,"href":"https:\/\/face.unt.edu.ar\/web\/wp-json\/wp\/v2\/posts\/4740\/revisions\/4748"}],"wp:featuredmedia":[{"embeddable":true,"href":"https:\/\/face.unt.edu.ar\/web\/wp-json\/wp\/v2\/media\/4749"}],"wp:attachment":[{"href":"https:\/\/face.unt.edu.ar\/web\/wp-json\/wp\/v2\/media?parent=4740"}],"wp:term":[{"taxonomy":"category","embeddable":true,"href":"https:\/\/face.unt.edu.ar\/web\/wp-json\/wp\/v2\/categories?post=4740"},{"taxonomy":"post_tag","embeddable":true,"href":"https:\/\/face.unt.edu.ar\/web\/wp-json\/wp\/v2\/tags?post=4740"}],"curies":[{"name":"wp","href":"https:\/\/api.w.org\/{rel}","templated":true}]}}