{"id":4752,"date":"2017-02-15T01:02:55","date_gmt":"2017-02-15T01:02:55","guid":{"rendered":"http:\/\/face.unt.edu.ar\/web\/?p=4752"},"modified":"2018-08-05T20:29:44","modified_gmt":"2018-08-05T20:29:44","slug":"la-fundacion-carolina-abre-su-convocatoria-de-becas-2017-2018","status":"publish","type":"post","link":"https:\/\/face.unt.edu.ar\/web\/blog\/la-fundacion-carolina-abre-su-convocatoria-de-becas-2017-2018\/","title":{"rendered":"La Fundaci\u00f3n Carolina abre su convocatoria de becas 2017-2018"},"content":{"rendered":"<p>La misma est\u00e1 dirigida en exclusiva a estudiantes de todos los pa\u00edses de Iberoam\u00e9rica para que completen su formaci\u00f3n en universidades y centros de estudio espa\u00f1oles. Los interesados pueden inscribirse hasta el 6 de abril.<\/p>\n<p><!--more--><\/p>\n<p>la Fundaci\u00f3n Carolina ha abierto su convocatoria de becas para el curso acad\u00e9mico 2017-2018. En esta XVII edici\u00f3n se ofertan 521 becas distribuidas en cinco modalidades: 271 becas de postgrado, 70 de doctorado y estancias cortas postdoctorales, 27 de movilidad de profesores brasile\u00f1os, 4 becas del programa de emprendimiento, 34 becas del programa de estudios institucionales y 115 renovaciones de beca de doctorado y postgrado 2\u00ba a\u00f1o.<\/p>\n<p>La convocatoria est\u00e1 dirigida en exclusiva a estudiantes de todos los pa\u00edses de Iberoam\u00e9rica.<\/p>\n<p>Las \u00e1reas de conocimiento se detallan en el siguiente link:\u00a0<span style=\"color: #0000ff\"><a style=\"color: #0000ff\" href=\"http:\/\/gestion.fundacioncarolina.es\/programas\">Becas Carolina 2017-2018<\/a><\/span><\/p>\n","protected":false},"excerpt":{"rendered":"<p>La misma est\u00e1 dirigida en exclusiva a estudiantes de todos los pa\u00edses de Iberoam\u00e9rica para que completen su formaci\u00f3n en universidades y centros de estudio espa\u00f1oles. Los interesados pueden inscribirse hasta el 6 de abril.<\/p>\n","protected":false},"author":3,"featured_media":4753,"comment_status":"open","ping_status":"open","sticky":false,"template":"","format":"standard","meta":{"_et_pb_use_builder":"","_et_pb_old_content":"","_et_gb_content_width":"","footnotes":""},"categories":[237],"tags":[],"_links":{"self":[{"href":"https:\/\/face.unt.edu.ar\/web\/wp-json\/wp\/v2\/posts\/4752"}],"collection":[{"href":"https:\/\/face.unt.edu.ar\/web\/wp-json\/wp\/v2\/posts"}],"about":[{"href":"https:\/\/face.unt.edu.ar\/web\/wp-json\/wp\/v2\/types\/post"}],"author":[{"embeddable":true,"href":"https:\/\/face.unt.edu.ar\/web\/wp-json\/wp\/v2\/users\/3"}],"replies":[{"embeddable":true,"href":"https:\/\/face.unt.edu.ar\/web\/wp-json\/wp\/v2\/comments?post=4752"}],"version-history":[{"count":1,"href":"https:\/\/face.unt.edu.ar\/web\/wp-json\/wp\/v2\/posts\/4752\/revisions"}],"predecessor-version":[{"id":4754,"href":"https:\/\/face.unt.edu.ar\/web\/wp-json\/wp\/v2\/posts\/4752\/revisions\/4754"}],"wp:featuredmedia":[{"embeddable":true,"href":"https:\/\/face.unt.edu.ar\/web\/wp-json\/wp\/v2\/media\/4753"}],"wp:attachment":[{"href":"https:\/\/face.unt.edu.ar\/web\/wp-json\/wp\/v2\/media?parent=4752"}],"wp:term":[{"taxonomy":"category","embeddable":true,"href":"https:\/\/face.unt.edu.ar\/web\/wp-json\/wp\/v2\/categories?post=4752"},{"taxonomy":"post_tag","embeddable":true,"href":"https:\/\/face.unt.edu.ar\/web\/wp-json\/wp\/v2\/tags?post=4752"}],"curies":[{"name":"wp","href":"https:\/\/api.w.org\/{rel}","templated":true}]}}