{"id":4755,"date":"2017-02-15T01:44:06","date_gmt":"2017-02-15T01:44:06","guid":{"rendered":"http:\/\/face.unt.edu.ar\/web\/?p=4755"},"modified":"2017-02-15T01:44:06","modified_gmt":"2017-02-15T01:44:06","slug":"proyectos-de-la-face-ganaron-convocatorias-de-la-spu","status":"publish","type":"post","link":"https:\/\/face.unt.edu.ar\/web\/blog\/proyectos-de-la-face-ganaron-convocatorias-de-la-spu\/","title":{"rendered":"Proyectos de la FACE ganaron convocatorias de la SPU."},"content":{"rendered":"<p>Diferentes proyectos de la Facultad de Ciencias Econ\u00f3micas fueron seleccionados por la Secretaria de Pol\u00edticas Universitarias para acceder al financiamiento en las convocatorias sobre Vinculaci\u00f3n Tecnol\u00f3gica y Compromiso Social realizado a fines del a\u00f1o pasado.<\/p>\n<p><!--more--><\/p>\n<p>En el marco de las convocatorias para Universidades Nacionales, la Facultad de Ciencias Econ\u00f3micas a trav\u00e9s de la Unidad de Gesti\u00f3n de Proyectos de la Secretaria de Extensi\u00f3n elaboraron diferentes proyectos los cuales fueron seleccionados para acceder al financiamiento.<\/p>\n<p>En la convocatoria para proyectos de vinculaci\u00f3n tecnol\u00f3gica fue seleccionado el proyecto denominado <strong>\u201cInnovaciones Universitarias al Medio\u201d<\/strong> orientado a vincular los desarrollos tecnol\u00f3gicos de los diferentes laboratorios cient\u00edficos y adaptarlos comercialmente para el sector productivo.<\/p>\n<p>En el caso de la convocatoria para proyectos de compromiso social fueron seleccionados el proyecto<strong> \u201cTutorias para Microemprendedores\u201d<\/strong> para apoyar microemprendedores de Municipalidades del Interior de la Provincia y el proyecto <strong>\u201cEcon\u00f3micas al Secundario\u201d<\/strong> para asistir a estudiantes secundarios en el primer contacto con la vida universitaria.<\/p>\n<p>Los tres proyectos tienen una duraci\u00f3n de 12 meses y estar\u00e1n formados por equipos de docentes, investigadores, alumnos y participar\u00e1n empresas e instituciones p\u00fablicas.<\/p>\n","protected":false},"excerpt":{"rendered":"<p>Diferentes proyectos de la Facultad de Ciencias Econ\u00f3micas fueron seleccionados por la Secretaria de Pol\u00edticas Universitarias para acceder al financiamiento en las convocatorias sobre Vinculaci\u00f3n Tecnol\u00f3gica y Compromiso Social realizado a fines del a\u00f1o pasado.<\/p>\n","protected":false},"author":3,"featured_media":4756,"comment_status":"open","ping_status":"open","sticky":false,"template":"","format":"standard","meta":{"_et_pb_use_builder":"","_et_pb_old_content":"","_et_gb_content_width":"","footnotes":""},"categories":[4],"tags":[],"_links":{"self":[{"href":"https:\/\/face.unt.edu.ar\/web\/wp-json\/wp\/v2\/posts\/4755"}],"collection":[{"href":"https:\/\/face.unt.edu.ar\/web\/wp-json\/wp\/v2\/posts"}],"about":[{"href":"https:\/\/face.unt.edu.ar\/web\/wp-json\/wp\/v2\/types\/post"}],"author":[{"embeddable":true,"href":"https:\/\/face.unt.edu.ar\/web\/wp-json\/wp\/v2\/users\/3"}],"replies":[{"embeddable":true,"href":"https:\/\/face.unt.edu.ar\/web\/wp-json\/wp\/v2\/comments?post=4755"}],"version-history":[{"count":1,"href":"https:\/\/face.unt.edu.ar\/web\/wp-json\/wp\/v2\/posts\/4755\/revisions"}],"predecessor-version":[{"id":4757,"href":"https:\/\/face.unt.edu.ar\/web\/wp-json\/wp\/v2\/posts\/4755\/revisions\/4757"}],"wp:featuredmedia":[{"embeddable":true,"href":"https:\/\/face.unt.edu.ar\/web\/wp-json\/wp\/v2\/media\/4756"}],"wp:attachment":[{"href":"https:\/\/face.unt.edu.ar\/web\/wp-json\/wp\/v2\/media?parent=4755"}],"wp:term":[{"taxonomy":"category","embeddable":true,"href":"https:\/\/face.unt.edu.ar\/web\/wp-json\/wp\/v2\/categories?post=4755"},{"taxonomy":"post_tag","embeddable":true,"href":"https:\/\/face.unt.edu.ar\/web\/wp-json\/wp\/v2\/tags?post=4755"}],"curies":[{"name":"wp","href":"https:\/\/api.w.org\/{rel}","templated":true}]}}