{"id":4818,"date":"2017-02-22T22:34:02","date_gmt":"2017-02-22T22:34:02","guid":{"rendered":"http:\/\/face.unt.edu.ar\/web\/?p=4818"},"modified":"2017-02-22T22:35:27","modified_gmt":"2017-02-22T22:35:27","slug":"funcionarios-de-la-spu-visitaron-nuestra-facultad","status":"publish","type":"post","link":"https:\/\/face.unt.edu.ar\/web\/blog\/funcionarios-de-la-spu-visitaron-nuestra-facultad\/","title":{"rendered":"Funcionarios de la SPU visitaron nuestra Facultad"},"content":{"rendered":"<p>La Directora Nacional de Presupuesto e Informaci\u00f3n Universitaria de la Secretar\u00eda de Pol\u00edticas Universitarias de la Naci\u00f3n, Dra. Anabela Gisele Celaya y el Mg. Gabriel Ojeda, asesor administrativo del \u00e1rea, se reunieron con el Decano de nuestra Facultad, Mg. Jos\u00e9 Luis Antonio Jim\u00e9nez.<\/p>\n<p>El vicerrector de la UNT, Ing. Jos\u00e9 Garc\u00eda, la secretaria econ\u00f3mico administrativa, Cra. Lidia Asc\u00e1rate y la subsecretaria de la misma \u00e1rea, Cra. Adriana Alvillos, acompa\u00f1aron a los funcionarios nacionales.<\/p>\n<p>Tambi\u00e9n participaron del encuentro la secretaria administrativa de nuestra Facultad, Cra. M\u00f3nica Delgado y el secretario de Posgrado e Investigaci\u00f3n, Mg. Humberto D\u00b4arterio.<\/p>\n<p>La reuni\u00f3n se hizo en el marco de la visita que los funcionarios nacionales hicieron a la Universidad Nacional de Tucum\u00e1n.<\/p>\n<p>&nbsp;<\/p>\n<p><a href=\"http:\/\/face.unt.edu.ar\/web\/wp-content\/uploads\/2017\/02\/reunion-spu-face-unt-tucuman.jpg\"><img decoding=\"async\" loading=\"lazy\" class=\"alignnone size-medium wp-image-4821\" src=\"http:\/\/face.unt.edu.ar\/web\/wp-content\/uploads\/2017\/02\/reunion-spu-face-unt-tucuman-300x225.jpg\" alt=\"reunion-spu-face-unt tucuman\" width=\"300\" height=\"225\" srcset=\"https:\/\/face.unt.edu.ar\/web\/wp-content\/uploads\/2017\/02\/reunion-spu-face-unt-tucuman-300x225.jpg 300w, https:\/\/face.unt.edu.ar\/web\/wp-content\/uploads\/2017\/02\/reunion-spu-face-unt-tucuman-768x576.jpg 768w, https:\/\/face.unt.edu.ar\/web\/wp-content\/uploads\/2017\/02\/reunion-spu-face-unt-tucuman-585x440.jpg 585w, https:\/\/face.unt.edu.ar\/web\/wp-content\/uploads\/2017\/02\/reunion-spu-face-unt-tucuman-230x172.jpg 230w, https:\/\/face.unt.edu.ar\/web\/wp-content\/uploads\/2017\/02\/reunion-spu-face-unt-tucuman.jpg 1000w\" sizes=\"(max-width: 300px) 100vw, 300px\" \/><\/a> <a href=\"http:\/\/face.unt.edu.ar\/web\/wp-content\/uploads\/2017\/02\/visita-spu-face-unt-tucuman.jpg\"><img decoding=\"async\" loading=\"lazy\" class=\"alignnone size-medium wp-image-4822\" src=\"http:\/\/face.unt.edu.ar\/web\/wp-content\/uploads\/2017\/02\/visita-spu-face-unt-tucuman-300x225.jpg\" alt=\"visita-spu-face-unt tucuman\" width=\"300\" height=\"225\" srcset=\"https:\/\/face.unt.edu.ar\/web\/wp-content\/uploads\/2017\/02\/visita-spu-face-unt-tucuman-300x225.jpg 300w, https:\/\/face.unt.edu.ar\/web\/wp-content\/uploads\/2017\/02\/visita-spu-face-unt-tucuman-768x576.jpg 768w, https:\/\/face.unt.edu.ar\/web\/wp-content\/uploads\/2017\/02\/visita-spu-face-unt-tucuman-585x440.jpg 585w, https:\/\/face.unt.edu.ar\/web\/wp-content\/uploads\/2017\/02\/visita-spu-face-unt-tucuman-230x172.jpg 230w, https:\/\/face.unt.edu.ar\/web\/wp-content\/uploads\/2017\/02\/visita-spu-face-unt-tucuman.jpg 1000w\" sizes=\"(max-width: 300px) 100vw, 300px\" \/><\/a> <a href=\"http:\/\/face.unt.edu.ar\/web\/wp-content\/uploads\/2017\/02\/visita-spu-face-unt.jpg\"><img decoding=\"async\" loading=\"lazy\" class=\"alignnone size-medium wp-image-4823\" src=\"http:\/\/face.unt.edu.ar\/web\/wp-content\/uploads\/2017\/02\/visita-spu-face-unt-300x225.jpg\" alt=\"visita-spu-face-unt\" width=\"300\" height=\"225\" srcset=\"https:\/\/face.unt.edu.ar\/web\/wp-content\/uploads\/2017\/02\/visita-spu-face-unt-300x225.jpg 300w, https:\/\/face.unt.edu.ar\/web\/wp-content\/uploads\/2017\/02\/visita-spu-face-unt-768x576.jpg 768w, https:\/\/face.unt.edu.ar\/web\/wp-content\/uploads\/2017\/02\/visita-spu-face-unt-585x440.jpg 585w, https:\/\/face.unt.edu.ar\/web\/wp-content\/uploads\/2017\/02\/visita-spu-face-unt-230x172.jpg 230w, https:\/\/face.unt.edu.ar\/web\/wp-content\/uploads\/2017\/02\/visita-spu-face-unt.jpg 1000w\" sizes=\"(max-width: 300px) 100vw, 300px\" \/><\/a><\/p>\n<p>&nbsp;<\/p>\n","protected":false},"excerpt":{"rendered":"<p>La Directora Nacional de Presupuesto e Informaci\u00f3n Universitaria de la Secretar\u00eda de Pol\u00edticas Universitarias de la Naci\u00f3n, Dra. Anabela Gisele Celaya y el Mg. Gabriel Ojeda, asesor administrativo del \u00e1rea, se reunieron con el Decano de nuestra Facultad, Mg. Jos\u00e9 Luis Antonio Jim\u00e9nez. El vicerrector de la UNT, Ing. Jos\u00e9 Garc\u00eda, la secretaria econ\u00f3mico administrativa, [&hellip;]<\/p>\n","protected":false},"author":2,"featured_media":4819,"comment_status":"open","ping_status":"open","sticky":false,"template":"","format":"standard","meta":{"_et_pb_use_builder":"","_et_pb_old_content":"","_et_gb_content_width":"","footnotes":""},"categories":[4],"tags":[36],"_links":{"self":[{"href":"https:\/\/face.unt.edu.ar\/web\/wp-json\/wp\/v2\/posts\/4818"}],"collection":[{"href":"https:\/\/face.unt.edu.ar\/web\/wp-json\/wp\/v2\/posts"}],"about":[{"href":"https:\/\/face.unt.edu.ar\/web\/wp-json\/wp\/v2\/types\/post"}],"author":[{"embeddable":true,"href":"https:\/\/face.unt.edu.ar\/web\/wp-json\/wp\/v2\/users\/2"}],"replies":[{"embeddable":true,"href":"https:\/\/face.unt.edu.ar\/web\/wp-json\/wp\/v2\/comments?post=4818"}],"version-history":[{"count":4,"href":"https:\/\/face.unt.edu.ar\/web\/wp-json\/wp\/v2\/posts\/4818\/revisions"}],"predecessor-version":[{"id":4826,"href":"https:\/\/face.unt.edu.ar\/web\/wp-json\/wp\/v2\/posts\/4818\/revisions\/4826"}],"wp:featuredmedia":[{"embeddable":true,"href":"https:\/\/face.unt.edu.ar\/web\/wp-json\/wp\/v2\/media\/4819"}],"wp:attachment":[{"href":"https:\/\/face.unt.edu.ar\/web\/wp-json\/wp\/v2\/media?parent=4818"}],"wp:term":[{"taxonomy":"category","embeddable":true,"href":"https:\/\/face.unt.edu.ar\/web\/wp-json\/wp\/v2\/categories?post=4818"},{"taxonomy":"post_tag","embeddable":true,"href":"https:\/\/face.unt.edu.ar\/web\/wp-json\/wp\/v2\/tags?post=4818"}],"curies":[{"name":"wp","href":"https:\/\/api.w.org\/{rel}","templated":true}]}}