{"id":4831,"date":"2017-03-02T15:17:19","date_gmt":"2017-03-02T15:17:19","guid":{"rendered":"http:\/\/face.unt.edu.ar\/web\/?p=4831"},"modified":"2017-03-02T15:17:33","modified_gmt":"2017-03-02T15:17:33","slug":"curso-estadistica-descriptiva-con-credito-para-posgrado","status":"publish","type":"post","link":"https:\/\/face.unt.edu.ar\/web\/blog\/curso-estadistica-descriptiva-con-credito-para-posgrado\/","title":{"rendered":"Curso \u201cEstad\u00edstica Descriptiva\u201d  con cr\u00e9dito para posgrado"},"content":{"rendered":"<p>Inicia en nuestra Facultad, el Curso\u00a0<strong>Estad\u00edstica Descriptiva<\/strong>, con cr\u00e9dito para posgrado, a cargo de la Profesora Mg. Adriana In\u00e9s P\u00e9rez. El mismo se dictar\u00e1 en el marco del Magister en Estad\u00edstica Aplicada, organizado por el Instituto de Investigaciones Estad\u00edsticas de la Facultad de Ciencias Econ\u00f3micas dela UNT.<\/p>\n<p>Las clases se desarrollar\u00e1n del 03 al 27 de marzo del presente, los d\u00edas lunes y mi\u00e9rcoles de 18:30 a 21:30 horas y los d\u00edas viernes de 17 a 18.30 horas, en el aula 2 de posgrado.<\/p>\n<p>El curso cuenta con una carga horaria de 25 horas y tendr\u00e1 lugar en el Aula 2 de Posgrado de esta Facultad.<br \/>\nEl arancel es de $500 y los cupos son limitados.<br \/>\nLa fecha l\u00edmite de inscripci\u00f3n es el 03 de (marzo por la ma\u00f1ana). Las mismas se realizan en la Secretar\u00eda del INIE, oficina 52 de nuestra Facultad.<\/p>\n<p>Este es un curso introductorio en el que se estudia c\u00f3mo analizar datos estad\u00edsticos sin tener en cuenta si su origen es, por ejemplo, fruto de un muestreo. Vale decir que no se introducen conceptos de inferencia estad\u00edstica. No se da por conocido el tema, de manera que se parte s\u00f3lo de la intuici\u00f3n, la que se va tratando de desarrollar.<\/p>\n<p><strong>\u00a0<\/strong>El contenido del curso tiene que ver con tres temas principales:<\/p>\n<p>(1) Herramientas tradicionales como tablas, porcentajes, razones, gr\u00e1ficos, promedios, medidas de variabilidad, de asociaci\u00f3n, de correlaci\u00f3n y otros.<\/p>\n<p>(2) An\u00e1lisis Exploratorio de Datos, seg\u00fan el enfoque sugerido por el Profesor Tukey y sus colaboradores.<\/p>\n<p>(3) An\u00e1lisis en clase de ejemplos de buenas y malas pr\u00e1cticas estad\u00edsticas, extra\u00eddos de los libros de Huff y Zeisel.<\/p>\n<p><strong>\u00a0<\/strong>En cuanto a la modalidad de cursado, se dictar\u00e1n tres clases semanales, que incluyen algunas de discusi\u00f3n de ejercicios; \u00e9stos se asignan para ser resueltos en forma individual. Se emplea el uso de programas computacionales, se recomienda que el alumno se familiarice con los programas estad\u00edsticos que cubren los temas del curso, en particular en lo referente a un an\u00e1lisis exploratorio de datos. Mientras que la evaluaci\u00f3n del curso consiste en un examen final escrito.<\/p>\n<p>Por mayor informaci\u00f3n dirigirse al Instituto de Investigaciones Estad\u00edsticas (INIE),\u00a0 oficina 52, primer piso, Facultad de Ciencias Econ\u00f3micas, \u00a0Avda. Independencia 1900 de nuestra ciudad. Tel. 410-7548, mail: <a href=\"http:\/\/ar.mc1412.mail.yahoo.com\/mc\/compose?to=inie@herrera.unt.edu.ar\">inie@herrera.unt.edu.ar<\/a>.<\/p>\n<p>&nbsp;<\/p>\n","protected":false},"excerpt":{"rendered":"<p>Inicia en nuestra Facultad, el Curso\u00a0Estad\u00edstica Descriptiva, con cr\u00e9dito para posgrado, a cargo de la Profesora Mg. Adriana In\u00e9s P\u00e9rez. El mismo se dictar\u00e1 en el marco del Magister en Estad\u00edstica Aplicada, organizado por el Instituto de Investigaciones Estad\u00edsticas de la Facultad de Ciencias Econ\u00f3micas dela UNT. Las clases se desarrollar\u00e1n del 03 al 27 [&hellip;]<\/p>\n","protected":false},"author":2,"featured_media":4832,"comment_status":"open","ping_status":"open","sticky":false,"template":"","format":"standard","meta":{"_et_pb_use_builder":"","_et_pb_old_content":"","_et_gb_content_width":"","footnotes":""},"categories":[4],"tags":[],"_links":{"self":[{"href":"https:\/\/face.unt.edu.ar\/web\/wp-json\/wp\/v2\/posts\/4831"}],"collection":[{"href":"https:\/\/face.unt.edu.ar\/web\/wp-json\/wp\/v2\/posts"}],"about":[{"href":"https:\/\/face.unt.edu.ar\/web\/wp-json\/wp\/v2\/types\/post"}],"author":[{"embeddable":true,"href":"https:\/\/face.unt.edu.ar\/web\/wp-json\/wp\/v2\/users\/2"}],"replies":[{"embeddable":true,"href":"https:\/\/face.unt.edu.ar\/web\/wp-json\/wp\/v2\/comments?post=4831"}],"version-history":[{"count":2,"href":"https:\/\/face.unt.edu.ar\/web\/wp-json\/wp\/v2\/posts\/4831\/revisions"}],"predecessor-version":[{"id":4834,"href":"https:\/\/face.unt.edu.ar\/web\/wp-json\/wp\/v2\/posts\/4831\/revisions\/4834"}],"wp:featuredmedia":[{"embeddable":true,"href":"https:\/\/face.unt.edu.ar\/web\/wp-json\/wp\/v2\/media\/4832"}],"wp:attachment":[{"href":"https:\/\/face.unt.edu.ar\/web\/wp-json\/wp\/v2\/media?parent=4831"}],"wp:term":[{"taxonomy":"category","embeddable":true,"href":"https:\/\/face.unt.edu.ar\/web\/wp-json\/wp\/v2\/categories?post=4831"},{"taxonomy":"post_tag","embeddable":true,"href":"https:\/\/face.unt.edu.ar\/web\/wp-json\/wp\/v2\/tags?post=4831"}],"curies":[{"name":"wp","href":"https:\/\/api.w.org\/{rel}","templated":true}]}}