{"id":4862,"date":"2017-03-12T18:42:59","date_gmt":"2017-03-12T18:42:59","guid":{"rendered":"http:\/\/face.unt.edu.ar\/web\/?p=4862"},"modified":"2017-03-13T10:39:00","modified_gmt":"2017-03-13T10:39:00","slug":"se-realizara-una-misa-para-bendecir-el-ano-lectivo-2017","status":"publish","type":"post","link":"https:\/\/face.unt.edu.ar\/web\/blog\/se-realizara-una-misa-para-bendecir-el-ano-lectivo-2017\/","title":{"rendered":"Se realizar\u00e1 una Misa para bendecir el a\u00f1o lectivo 2017"},"content":{"rendered":"<p>Invitamos a la comunidad universitaria a participar de la Misa que se realizar\u00e1 con motivo de benecir el per\u00edodo lectivo 2017. Ser\u00e1 ma\u00f1ana lunes 13 de marzo 2017, a las 12:00 horas, en el Aula Magna de nuestra Facultad.<\/p>\n","protected":false},"excerpt":{"rendered":"<p>Invitamos a la comunidad universitaria a participar de la Misa que se realizar\u00e1 con motivo de benecir el per\u00edodo lectivo 2017. Ser\u00e1 ma\u00f1ana lunes 13 de marzo 2017, a las 12:00 horas, en el Aula Magna de nuestra Facultad.<\/p>\n","protected":false},"author":2,"featured_media":4863,"comment_status":"open","ping_status":"open","sticky":false,"template":"","format":"standard","meta":{"_et_pb_use_builder":"","_et_pb_old_content":"","_et_gb_content_width":"","footnotes":""},"categories":[4],"tags":[],"_links":{"self":[{"href":"https:\/\/face.unt.edu.ar\/web\/wp-json\/wp\/v2\/posts\/4862"}],"collection":[{"href":"https:\/\/face.unt.edu.ar\/web\/wp-json\/wp\/v2\/posts"}],"about":[{"href":"https:\/\/face.unt.edu.ar\/web\/wp-json\/wp\/v2\/types\/post"}],"author":[{"embeddable":true,"href":"https:\/\/face.unt.edu.ar\/web\/wp-json\/wp\/v2\/users\/2"}],"replies":[{"embeddable":true,"href":"https:\/\/face.unt.edu.ar\/web\/wp-json\/wp\/v2\/comments?post=4862"}],"version-history":[{"count":3,"href":"https:\/\/face.unt.edu.ar\/web\/wp-json\/wp\/v2\/posts\/4862\/revisions"}],"predecessor-version":[{"id":4874,"href":"https:\/\/face.unt.edu.ar\/web\/wp-json\/wp\/v2\/posts\/4862\/revisions\/4874"}],"wp:featuredmedia":[{"embeddable":true,"href":"https:\/\/face.unt.edu.ar\/web\/wp-json\/wp\/v2\/media\/4863"}],"wp:attachment":[{"href":"https:\/\/face.unt.edu.ar\/web\/wp-json\/wp\/v2\/media?parent=4862"}],"wp:term":[{"taxonomy":"category","embeddable":true,"href":"https:\/\/face.unt.edu.ar\/web\/wp-json\/wp\/v2\/categories?post=4862"},{"taxonomy":"post_tag","embeddable":true,"href":"https:\/\/face.unt.edu.ar\/web\/wp-json\/wp\/v2\/tags?post=4862"}],"curies":[{"name":"wp","href":"https:\/\/api.w.org\/{rel}","templated":true}]}}