{"id":4961,"date":"2017-03-29T15:59:51","date_gmt":"2017-03-29T15:59:51","guid":{"rendered":"http:\/\/face.unt.edu.ar\/web\/?p=4961"},"modified":"2017-04-02T23:39:15","modified_gmt":"2017-04-02T23:39:15","slug":"charla-informe-integrado","status":"publish","type":"post","link":"https:\/\/face.unt.edu.ar\/web\/blog\/charla-informe-integrado\/","title":{"rendered":"Charla \u00abInforme Integrado\u00bb"},"content":{"rendered":"<p>El Instituto de Investigaciones Contables de la Facultad de Ciencias Econ\u00f3micas de la UNT lo invita a participar de la Charla\u00a0\u00ab<strong>Informe Integrado.<\/strong><strong>\u00ab<\/strong><\/p>\n<p>La exposici\u00f3n\u00a0estar\u00e1 a cargo del profesor Dante Malica. Se desarrollar\u00e1 el mi\u00e9rcoles 05 de abril de 2017 a las 18.30 hs. en el aula 1 de la Facultad de Ciencias Econ\u00f3micas UNT.<\/p>\n<p>&nbsp;<\/p>\n<p><strong><u>Contenido:<\/u><\/strong><\/p>\n<ul>\n<li>Evoluci\u00f3n de los informes que las organizaciones presentan a sus usuarios.<\/li>\n<li>Consejo internacional de informaci\u00f3n integrada: qu\u00e9 piensa.<\/li>\n<li>Informe integrado: Prop\u00f3sitos, objetivos, caracter\u00edsticas.<\/li>\n<li>Conceptos fundamentales: Creaci\u00f3n de valor, los capitales, el proceso de creaci\u00f3n de valor.<\/li>\n<li>El marco internacional: Introducci\u00f3n, directrices, contenido.<\/li>\n<li>Conclusi\u00f3n.<\/li>\n<\/ul>\n<p><strong>Inscripciones:<\/strong><strong>\u00a0<\/strong>El costo del curso es de $200 para p\u00fablico en general y de $50 para estudiantes. Para Docentes de la casa el valor es $100. Se entregar\u00e1n certificados. Por informes e inscripciones, los interesados pueden contactarse al correo\u00a0<a href=\"mailto:iicontable@face.unt.edu.ar\">iicontable@face.unt.edu.ar<\/a>\u00a0o dirigirse a la Asociaci\u00f3n Cooperadora de la Facultad de Ciencias Econ\u00f3micas, de lunes a viernes de 8 a 12 horas y de 16 a 19:30 horas.<\/p>\n<p><strong>LINK DE INSCRIPCION<\/strong>:<\/p>\n<p><a href=\"https:\/\/goo.gl\/forms\/iaf4ZHpc0ciAb8263\">https:\/\/goo.gl\/forms\/iaf4ZHpc0ciAb8263<\/a><\/p>\n","protected":false},"excerpt":{"rendered":"<p>El Instituto de Investigaciones Contables de la Facultad de Ciencias Econ\u00f3micas de la UNT lo invita a participar de la Charla\u00a0\u00abInforme Integrado.\u00ab La exposici\u00f3n\u00a0estar\u00e1 a cargo del profesor Dante Malica. Se desarrollar\u00e1 el mi\u00e9rcoles 05 de abril de 2017 a las 18.30 hs. en el aula 1 de la Facultad de Ciencias Econ\u00f3micas UNT. &nbsp; [&hellip;]<\/p>\n","protected":false},"author":2,"featured_media":4967,"comment_status":"open","ping_status":"open","sticky":false,"template":"","format":"standard","meta":{"_et_pb_use_builder":"","_et_pb_old_content":"","_et_gb_content_width":"","footnotes":""},"categories":[4],"tags":[],"_links":{"self":[{"href":"https:\/\/face.unt.edu.ar\/web\/wp-json\/wp\/v2\/posts\/4961"}],"collection":[{"href":"https:\/\/face.unt.edu.ar\/web\/wp-json\/wp\/v2\/posts"}],"about":[{"href":"https:\/\/face.unt.edu.ar\/web\/wp-json\/wp\/v2\/types\/post"}],"author":[{"embeddable":true,"href":"https:\/\/face.unt.edu.ar\/web\/wp-json\/wp\/v2\/users\/2"}],"replies":[{"embeddable":true,"href":"https:\/\/face.unt.edu.ar\/web\/wp-json\/wp\/v2\/comments?post=4961"}],"version-history":[{"count":3,"href":"https:\/\/face.unt.edu.ar\/web\/wp-json\/wp\/v2\/posts\/4961\/revisions"}],"predecessor-version":[{"id":4986,"href":"https:\/\/face.unt.edu.ar\/web\/wp-json\/wp\/v2\/posts\/4961\/revisions\/4986"}],"wp:featuredmedia":[{"embeddable":true,"href":"https:\/\/face.unt.edu.ar\/web\/wp-json\/wp\/v2\/media\/4967"}],"wp:attachment":[{"href":"https:\/\/face.unt.edu.ar\/web\/wp-json\/wp\/v2\/media?parent=4961"}],"wp:term":[{"taxonomy":"category","embeddable":true,"href":"https:\/\/face.unt.edu.ar\/web\/wp-json\/wp\/v2\/categories?post=4961"},{"taxonomy":"post_tag","embeddable":true,"href":"https:\/\/face.unt.edu.ar\/web\/wp-json\/wp\/v2\/tags?post=4961"}],"curies":[{"name":"wp","href":"https:\/\/api.w.org\/{rel}","templated":true}]}}