{"id":5000,"date":"2017-04-10T03:33:22","date_gmt":"2017-04-10T03:33:22","guid":{"rendered":"http:\/\/face.unt.edu.ar\/web\/?p=5000"},"modified":"2017-04-10T03:33:22","modified_gmt":"2017-04-10T03:33:22","slug":"metodo-del-impuesto-diferido-aspectos-contables-y-fiscales","status":"publish","type":"post","link":"https:\/\/face.unt.edu.ar\/web\/blog\/metodo-del-impuesto-diferido-aspectos-contables-y-fiscales\/","title":{"rendered":"M\u00e9todo del Impuesto Diferido: aspectos contables y fiscales"},"content":{"rendered":"<p class=\"x_MsoNormal\">La Facultad de Ciencias Econ\u00f3micas, a trav\u00e9s de la Secretaria de Relaciones Institucionales y \u00a0la C\u00e1tedra de Impuesto a los consumos invita\u00a0 a participar del taller teorico-practico \u00abImpuesto Diferido: aspectos contables y fiscales\u00bb a cargo de \u00a0los contadores Mariano Dagum y \u00a0Luis Pablo Guzman<br \/>\nEl mismo tendr\u00e1 lugar el jueves 27 de abril de 18:30 a 20.30, en el aula 1 de Posgrado de nuestra Facultad.<\/p>\n<p class=\"x_MsoNormal\"><u>Objetivos<br \/>\n<\/u>*\u00a0Resolver dilemas de exposicion de reconocimiento y medicion de activos, pasivos y resultados.<br \/>\n*\u00a0Reflejar la esencia del M.D.I. combinando conceptos e ilustrando las diferencias entre la normativa contable y la impositiva.<br \/>\n*Reducir el MID a su minima expresi\u00f3n y dejar en evidencia su importancia para hacedores de la contabilidad financiera.<\/p>\n<p class=\"x_MsoNormal\"><u>Contenido<br \/>\n<\/u>*Cuestiones normativas<br \/>\n*Casos practicos individuales, situaciones que se nos presentan todos los d\u00edas.<br \/>\n*Quebrantos impositivos y creditos por ganancia minima presunta<br \/>\n*Caso integral.<br \/>\n*Conclusiones.<\/p>\n<p class=\"x_MsoNormal\">El costo de inscripci\u00f3n es de $50 para estudiantes de la Face, $100 para docentes, mientras que el p\u00fablico en general abonar\u00e1 $200.Las inscripciones se realizar\u00e1n en <span class=\"x_apple-converted-space\">\u00a0<\/span>la Asociaci\u00f3n Cooperadora\u00a0de\u00a0la Facultad, Av. Independencia 1900,\u00a0de\u00a0lunes a viernes\u00a0de\u00a08 a 12 horas y\u00a0de\u00a016 a 19:30 horas, hasta el d\u00eda jueves 27 inclusive.<\/p>\n<p class=\"x_MsoNormal\"><a href=\"http:\/\/face.unt.edu.ar\/web\/wp-content\/uploads\/2017\/04\/IMG-20160412-WA0020.jpg\"><img decoding=\"async\" loading=\"lazy\" class=\" wp-image-5004 aligncenter\" src=\"http:\/\/face.unt.edu.ar\/web\/wp-content\/uploads\/2017\/04\/IMG-20160412-WA0020-212x300.jpg\" alt=\"IMG-20160412-WA0020\" width=\"307\" height=\"434\" srcset=\"https:\/\/face.unt.edu.ar\/web\/wp-content\/uploads\/2017\/04\/IMG-20160412-WA0020-212x300.jpg 212w, https:\/\/face.unt.edu.ar\/web\/wp-content\/uploads\/2017\/04\/IMG-20160412-WA0020.jpg 720w\" sizes=\"(max-width: 307px) 100vw, 307px\" \/><\/a><\/p>\n<p class=\"x_MsoNormal\">\n<p class=\"x_MsoNormal\">\n","protected":false},"excerpt":{"rendered":"<p>La Facultad de Ciencias Econ\u00f3micas, a trav\u00e9s de la Secretaria de Relaciones Institucionales y \u00a0la C\u00e1tedra de Impuesto a los consumos invita\u00a0 a participar del taller teorico-practico \u00abImpuesto Diferido: aspectos contables y fiscales\u00bb a cargo de \u00a0los contadores Mariano Dagum y \u00a0Luis Pablo Guzman El mismo tendr\u00e1 lugar el jueves 27 de abril de 18:30 [&hellip;]<\/p>\n","protected":false},"author":3,"featured_media":5001,"comment_status":"open","ping_status":"open","sticky":false,"template":"","format":"standard","meta":{"_et_pb_use_builder":"","_et_pb_old_content":"","_et_gb_content_width":"","footnotes":""},"categories":[4],"tags":[],"_links":{"self":[{"href":"https:\/\/face.unt.edu.ar\/web\/wp-json\/wp\/v2\/posts\/5000"}],"collection":[{"href":"https:\/\/face.unt.edu.ar\/web\/wp-json\/wp\/v2\/posts"}],"about":[{"href":"https:\/\/face.unt.edu.ar\/web\/wp-json\/wp\/v2\/types\/post"}],"author":[{"embeddable":true,"href":"https:\/\/face.unt.edu.ar\/web\/wp-json\/wp\/v2\/users\/3"}],"replies":[{"embeddable":true,"href":"https:\/\/face.unt.edu.ar\/web\/wp-json\/wp\/v2\/comments?post=5000"}],"version-history":[{"count":3,"href":"https:\/\/face.unt.edu.ar\/web\/wp-json\/wp\/v2\/posts\/5000\/revisions"}],"predecessor-version":[{"id":5010,"href":"https:\/\/face.unt.edu.ar\/web\/wp-json\/wp\/v2\/posts\/5000\/revisions\/5010"}],"wp:featuredmedia":[{"embeddable":true,"href":"https:\/\/face.unt.edu.ar\/web\/wp-json\/wp\/v2\/media\/5001"}],"wp:attachment":[{"href":"https:\/\/face.unt.edu.ar\/web\/wp-json\/wp\/v2\/media?parent=5000"}],"wp:term":[{"taxonomy":"category","embeddable":true,"href":"https:\/\/face.unt.edu.ar\/web\/wp-json\/wp\/v2\/categories?post=5000"},{"taxonomy":"post_tag","embeddable":true,"href":"https:\/\/face.unt.edu.ar\/web\/wp-json\/wp\/v2\/tags?post=5000"}],"curies":[{"name":"wp","href":"https:\/\/api.w.org\/{rel}","templated":true}]}}