{"id":5024,"date":"2017-04-11T13:21:43","date_gmt":"2017-04-11T13:21:43","guid":{"rendered":"http:\/\/face.unt.edu.ar\/web\/?p=5024"},"modified":"2017-04-11T14:28:42","modified_gmt":"2017-04-11T14:28:42","slug":"estudiantes-de-la-unt-podran-capacitarse-en-materia-de-extension-universitaria","status":"publish","type":"post","link":"https:\/\/face.unt.edu.ar\/web\/blog\/estudiantes-de-la-unt-podran-capacitarse-en-materia-de-extension-universitaria\/","title":{"rendered":"Estudiantes de la UNT podr\u00e1n capacitarse en materia de Extensi\u00f3n Universitaria."},"content":{"rendered":"<p style=\"text-align: justify\">El\u00a0Programa Universitario de Extensi\u00f3n y Desarrollo Social (PUEDES) de la Secretar\u00eda de Extensi\u00f3n\u00a0continuar\u00e1 con el Ciclo de Capacitaci\u00f3n para Estudiantes en Extensi\u00f3n Universitaria,\u00a0 <i>\u201cFundamentos y herramientas metodol\u00f3gicas para mejorar la eficacia de las Pr\u00e1cticas Sociales\u201d.<\/i><\/p>\n<p style=\"text-align: justify\">\n<p style=\"text-align: justify\">El tercer ciclo se desarrollar\u00e1 entre el 24 de abril y el 8 de mayo en la USINA del Centenario de la UNT (Av. Sarmiento 1100).\u00a0Est\u00e1 destinado a estudiantes avanzados de todas las carreras de la UNT, especialmente a los estudiantes que participan en el desarrollo de proyectos de Extensi\u00f3n, del Voluntariado Universitario u otras pr\u00e1cticas de Extensi\u00f3n Universitaria.\u00a0El curso consta de 30 hs. c\u00e1tedras y certificaci\u00f3n. No tiene arancel y los cupos son limitados.<\/p>\n<p style=\"text-align: justify\"><strong>Inscripciones hasta el\u00a012 de abril\u00a0de 2017 en PUEDES -Av. Sarmiento 1100 \u2013 Tel 0381 4527554<\/strong><\/p>\n<p class=\"x_m_4554924981607075504gmail-MsoListParagraphCxSpFirst\"><span lang=\"ES-AR\">\u2013\u00a0\u00a0\u00a0\u00a0\u00a0\u00a0\u00a0\u00a0\u00a0\u00a0<\/span><span lang=\"ES-AR\">Horarios de inscripci\u00f3n: de 9:00 a 12:30 y de 14:30 a 17:00 Hs.<\/span><\/p>\n<p class=\"x_m_4554924981607075504gmail-MsoListParagraphCxSpMiddle\"><span lang=\"ES-AR\">\u2013\u00a0\u00a0\u00a0\u00a0\u00a0\u00a0\u00a0\u00a0\u00a0\u00a0<\/span><span lang=\"ES-AR\">Requisitos de inscripci\u00f3n: Completar Ficha de Inscripci\u00f3n, presentar Libreta Universitaria, tener el 50% de las materias aprobadas.<\/span><\/p>\n<p class=\"x_m_4554924981607075504gmail-MsoListParagraphCxSpMiddle\"><span lang=\"ES-AR\">\u2013\u00a0\u00a0\u00a0\u00a0\u00a0\u00a0\u00a0\u00a0\u00a0\u00a0<\/span><span lang=\"ES-AR\">Requisitos para aprobar el ciclo: asistencia obligatoria a los m\u00f3dulos 1 \u201cIntroducci\u00f3n a la Extensi\u00f3n Universitaria\u201d y 10 \u201cIntegraci\u00f3n Conceptual\u201d, y asistencia a 4 m\u00f3dulos electivos del 2 al 9.<\/span><\/p>\n<p class=\"x_m_4554924981607075504gmail-MsoListParagraphCxSpMiddle\">Mas informaci\u00f3n en \u00a0<span style=\"color: #0000ff\"><a style=\"color: #0000ff\" href=\"http:\/\/www.secretariaextension.unt.edu.ar\/puedes\/capacitaran-a-estudiantes-en-extension-universitaria\/\">http:\/\/www.secretariaextension.unt.edu.ar\/puedes\/capacitaran-a-estudiantes-en-extension-universitaria\/<\/a><\/span><\/p>\n","protected":false},"excerpt":{"rendered":"<p>El\u00a0Programa Universitario de Extensi\u00f3n y Desarrollo Social (PUEDES) de la Secretar\u00eda de Extensi\u00f3n\u00a0continuar\u00e1 con el Ciclo de Capacitaci\u00f3n para Estudiantes en Extensi\u00f3n Universitaria,\u00a0 \u201cFundamentos y herramientas metodol\u00f3gicas para mejorar la eficacia de las Pr\u00e1cticas Sociales\u201d. El tercer ciclo se desarrollar\u00e1 entre el 24 de abril y el 8 de mayo en la USINA del Centenario [&hellip;]<\/p>\n","protected":false},"author":3,"featured_media":5025,"comment_status":"open","ping_status":"open","sticky":false,"template":"","format":"standard","meta":{"_et_pb_use_builder":"","_et_pb_old_content":"","_et_gb_content_width":"","footnotes":""},"categories":[4],"tags":[],"_links":{"self":[{"href":"https:\/\/face.unt.edu.ar\/web\/wp-json\/wp\/v2\/posts\/5024"}],"collection":[{"href":"https:\/\/face.unt.edu.ar\/web\/wp-json\/wp\/v2\/posts"}],"about":[{"href":"https:\/\/face.unt.edu.ar\/web\/wp-json\/wp\/v2\/types\/post"}],"author":[{"embeddable":true,"href":"https:\/\/face.unt.edu.ar\/web\/wp-json\/wp\/v2\/users\/3"}],"replies":[{"embeddable":true,"href":"https:\/\/face.unt.edu.ar\/web\/wp-json\/wp\/v2\/comments?post=5024"}],"version-history":[{"count":6,"href":"https:\/\/face.unt.edu.ar\/web\/wp-json\/wp\/v2\/posts\/5024\/revisions"}],"predecessor-version":[{"id":5029,"href":"https:\/\/face.unt.edu.ar\/web\/wp-json\/wp\/v2\/posts\/5024\/revisions\/5029"}],"wp:featuredmedia":[{"embeddable":true,"href":"https:\/\/face.unt.edu.ar\/web\/wp-json\/wp\/v2\/media\/5025"}],"wp:attachment":[{"href":"https:\/\/face.unt.edu.ar\/web\/wp-json\/wp\/v2\/media?parent=5024"}],"wp:term":[{"taxonomy":"category","embeddable":true,"href":"https:\/\/face.unt.edu.ar\/web\/wp-json\/wp\/v2\/categories?post=5024"},{"taxonomy":"post_tag","embeddable":true,"href":"https:\/\/face.unt.edu.ar\/web\/wp-json\/wp\/v2\/tags?post=5024"}],"curies":[{"name":"wp","href":"https:\/\/api.w.org\/{rel}","templated":true}]}}