{"id":5032,"date":"2017-04-17T16:37:44","date_gmt":"2017-04-17T16:37:44","guid":{"rendered":"http:\/\/face.unt.edu.ar\/web\/?p=5032"},"modified":"2017-04-17T17:00:44","modified_gmt":"2017-04-17T17:00:44","slug":"curso-de-posgrado-negociacion-y-relaciones-laborales","status":"publish","type":"post","link":"https:\/\/face.unt.edu.ar\/web\/blog\/curso-de-posgrado-negociacion-y-relaciones-laborales\/","title":{"rendered":"Curso de Posgrado \u201cNegociaci\u00f3n y Relaciones Laborales\u201d"},"content":{"rendered":"<p>Inicia el Curso de Posgrado \u201cNegociaci\u00f3n y Relaciones Laborales\u201d. Se dictar\u00e1 a partir del 20 de Abril, a cargo de la profesora Marina Altschul, docente de la Especializaci\u00f3n en Direcci\u00f3n de Recursos Humanos de la Facultad de Ciencias Econ\u00f3micas de la UNT.<\/p>\n<p>El curso se desarrollar\u00e1 en seis encuentros los d\u00edas 20, 21 y 22, 27, 28 y\u00a0 29 de Abril, los jueves y viernes de 18:30 a 21:30 horas y los s\u00e1bados de 9:00 a 13:00 horas en el Aula 7 de posgrado.<\/p>\n<p>El mismo est\u00e1 destinado a profesionales universitarios de cualquier disciplina, con una duraci\u00f3n m\u00ednima de cuatro a\u00f1os en el cursado.<\/p>\n<p>El costo del curso es de $ 3.000.\u00a0Podr\u00e1n obtener\u00a0descuento del 30%, los docentes \u00a0\u00a030% los docentes y no docentes con titulo de la FACE\u00a0y del 20%, los estudiantes y egresados de posgrados de la FACE.<\/p>\n<p>Por informes, inscripciones y pago de arancel, dirigirse a la Secretar\u00eda de Posgrados en Administraci\u00f3n, oficina 86 de lunes a viernes en el horario de 9 a 12 y de 17 a 20 horas. Tel\u00e9fono 4364181 \/\/ 4364093 int (7678) o enviar un correo electr\u00f3nico a\u00a0<a href=\"mailto:psoto@herrera.unt.edu.ar\">psoto@herrera.unt.edu.ar<\/a>.<br \/>\n<strong>\u00a0Contenido:<\/strong><\/p>\n<p><strong><br \/>\n<\/strong>\u00b7\u00a0\u00a0\u00a0\u00a0\u00a0\u00a0\u00a0\u00a0 Sistema de Relaciones Laborales y Negociaci\u00f3n. Tipolog\u00edas de las Relaciones Laborales. Importancia del estudio de la Negociaci\u00f3n Laboral.<br \/>\n\u00b7\u00a0\u00a0\u00a0\u00a0\u00a0\u00a0\u00a0\u00a0 Introducci\u00f3n a la Negociaci\u00f3n. Conceptos generales. Negociaci\u00f3n Individual y Colectiva. Clasificaci\u00f3n de los Componentes.<br \/>\n\u00b7\u00a0\u00a0\u00a0\u00a0\u00a0\u00a0\u00a0\u00a0 Aptitudes del Negociador. Estilos Personales en la Toma de Decisiones. La Comunicaci\u00f3n en la Negociaci\u00f3n.<br \/>\n\u00b7\u00a0\u00a0\u00a0\u00a0\u00a0\u00a0\u00a0\u00a0 Contenido de la Negociaci\u00f3n Laboral. Factores a considerar: lugar, tiempo, informaci\u00f3n. Siete elementos de la negociaci\u00f3n.<br \/>\n\u00b7\u00a0\u00a0\u00a0\u00a0\u00a0\u00a0\u00a0\u00a0 Poder y Negociaci\u00f3n. Su ejercicio en las organizaciones. Pr\u00e1cticas competitivas y colaborativas: ventajas y desventajas en el \u00e1mbito laboral. Estrategia. Las cinco preguntas de la Negociaci\u00f3n.<br \/>\n\u00b7\u00a0\u00a0\u00a0\u00a0\u00a0\u00a0\u00a0\u00a0 El conflicto en las organizaciones. Formas alternativas de soluci\u00f3n de conflictos. Modelos competitivos y cooperativos de negociaci\u00f3n. Sus caracter\u00edsticas esenciales.<br \/>\n\u00b7\u00a0\u00a0\u00a0\u00a0\u00a0\u00a0\u00a0\u00a0 Teor\u00eda y pr\u00e1ctica de la negociaci\u00f3n en las empresas. El convenio colectivo de trabajo. Modalidades y alcances. Tendencias deseables y esperables.<\/p>\n","protected":false},"excerpt":{"rendered":"<p>Inicia el Curso de Posgrado \u201cNegociaci\u00f3n y Relaciones Laborales\u201d. Se dictar\u00e1 a partir del 20 de Abril, a cargo de la profesora Marina Altschul, docente de la Especializaci\u00f3n en Direcci\u00f3n de Recursos Humanos de la Facultad de Ciencias Econ\u00f3micas de la UNT. El curso se desarrollar\u00e1 en seis encuentros los d\u00edas 20, 21 y 22, [&hellip;]<\/p>\n","protected":false},"author":2,"featured_media":5033,"comment_status":"open","ping_status":"open","sticky":false,"template":"","format":"standard","meta":{"_et_pb_use_builder":"","_et_pb_old_content":"","_et_gb_content_width":"","footnotes":""},"categories":[4],"tags":[197],"_links":{"self":[{"href":"https:\/\/face.unt.edu.ar\/web\/wp-json\/wp\/v2\/posts\/5032"}],"collection":[{"href":"https:\/\/face.unt.edu.ar\/web\/wp-json\/wp\/v2\/posts"}],"about":[{"href":"https:\/\/face.unt.edu.ar\/web\/wp-json\/wp\/v2\/types\/post"}],"author":[{"embeddable":true,"href":"https:\/\/face.unt.edu.ar\/web\/wp-json\/wp\/v2\/users\/2"}],"replies":[{"embeddable":true,"href":"https:\/\/face.unt.edu.ar\/web\/wp-json\/wp\/v2\/comments?post=5032"}],"version-history":[{"count":1,"href":"https:\/\/face.unt.edu.ar\/web\/wp-json\/wp\/v2\/posts\/5032\/revisions"}],"predecessor-version":[{"id":5034,"href":"https:\/\/face.unt.edu.ar\/web\/wp-json\/wp\/v2\/posts\/5032\/revisions\/5034"}],"wp:featuredmedia":[{"embeddable":true,"href":"https:\/\/face.unt.edu.ar\/web\/wp-json\/wp\/v2\/media\/5033"}],"wp:attachment":[{"href":"https:\/\/face.unt.edu.ar\/web\/wp-json\/wp\/v2\/media?parent=5032"}],"wp:term":[{"taxonomy":"category","embeddable":true,"href":"https:\/\/face.unt.edu.ar\/web\/wp-json\/wp\/v2\/categories?post=5032"},{"taxonomy":"post_tag","embeddable":true,"href":"https:\/\/face.unt.edu.ar\/web\/wp-json\/wp\/v2\/tags?post=5032"}],"curies":[{"name":"wp","href":"https:\/\/api.w.org\/{rel}","templated":true}]}}