{"id":5039,"date":"2017-04-17T17:18:30","date_gmt":"2017-04-17T17:18:30","guid":{"rendered":"http:\/\/face.unt.edu.ar\/web\/?p=5039"},"modified":"2017-04-17T20:05:10","modified_gmt":"2017-04-17T20:05:10","slug":"la-especializacion-en-tributacion-cumple-25-anos-de-trayectoria","status":"publish","type":"post","link":"https:\/\/face.unt.edu.ar\/web\/blog\/la-especializacion-en-tributacion-cumple-25-anos-de-trayectoria\/","title":{"rendered":"La Especializaci\u00f3n en Tributaci\u00f3n cumple 25 a\u00f1os de trayectoria"},"content":{"rendered":"<p>Con motivo de cumplirse el 25\u00b0 Aniversario del Posgrado <strong>Especializaci\u00f3n en Tributaci\u00f3n<\/strong>, se realizar\u00e1 un acto en reconocimiento a la trayectoria ininterrumpida de dicha carrera, que se dicta en nuestra Facultad.<\/p>\n<p>En la ocasi\u00f3n se har\u00e1 una distinci\u00f3n a quienes fueron sus directores: Dr. Antonio Forns, fundador del Posgrado y Dr. Francisco Fern\u00e1ndez.<\/p>\n<p>La ceremonia se llevar\u00e1 a cabo el pr\u00f3ximo viernes 21 de Abril, a las 16:00 horas, en el Aula Magna de nuestra Facultad \u2013 Av. Independencia 1.900. La misma se realizar\u00e1 en el marco de la clase inaugural de la cohorte que inicia este a\u00f1o.<\/p>\n<p>&nbsp;<\/p>\n","protected":false},"excerpt":{"rendered":"<p>Con motivo de cumplirse el 25\u00b0 Aniversario del Posgrado Especializaci\u00f3n en Tributaci\u00f3n, se realizar\u00e1 un acto en reconocimiento a la trayectoria ininterrumpida de dicha carrera, que se dicta en nuestra Facultad. En la ocasi\u00f3n se har\u00e1 una distinci\u00f3n a quienes fueron sus directores: Dr. Antonio Forns, fundador del Posgrado y Dr. Francisco Fern\u00e1ndez. La ceremonia [&hellip;]<\/p>\n","protected":false},"author":2,"featured_media":5045,"comment_status":"open","ping_status":"open","sticky":false,"template":"","format":"standard","meta":{"_et_pb_use_builder":"","_et_pb_old_content":"","_et_gb_content_width":"","footnotes":""},"categories":[4],"tags":[197],"_links":{"self":[{"href":"https:\/\/face.unt.edu.ar\/web\/wp-json\/wp\/v2\/posts\/5039"}],"collection":[{"href":"https:\/\/face.unt.edu.ar\/web\/wp-json\/wp\/v2\/posts"}],"about":[{"href":"https:\/\/face.unt.edu.ar\/web\/wp-json\/wp\/v2\/types\/post"}],"author":[{"embeddable":true,"href":"https:\/\/face.unt.edu.ar\/web\/wp-json\/wp\/v2\/users\/2"}],"replies":[{"embeddable":true,"href":"https:\/\/face.unt.edu.ar\/web\/wp-json\/wp\/v2\/comments?post=5039"}],"version-history":[{"count":1,"href":"https:\/\/face.unt.edu.ar\/web\/wp-json\/wp\/v2\/posts\/5039\/revisions"}],"predecessor-version":[{"id":5041,"href":"https:\/\/face.unt.edu.ar\/web\/wp-json\/wp\/v2\/posts\/5039\/revisions\/5041"}],"wp:featuredmedia":[{"embeddable":true,"href":"https:\/\/face.unt.edu.ar\/web\/wp-json\/wp\/v2\/media\/5045"}],"wp:attachment":[{"href":"https:\/\/face.unt.edu.ar\/web\/wp-json\/wp\/v2\/media?parent=5039"}],"wp:term":[{"taxonomy":"category","embeddable":true,"href":"https:\/\/face.unt.edu.ar\/web\/wp-json\/wp\/v2\/categories?post=5039"},{"taxonomy":"post_tag","embeddable":true,"href":"https:\/\/face.unt.edu.ar\/web\/wp-json\/wp\/v2\/tags?post=5039"}],"curies":[{"name":"wp","href":"https:\/\/api.w.org\/{rel}","templated":true}]}}