{"id":5049,"date":"2017-04-24T14:56:34","date_gmt":"2017-04-24T14:56:34","guid":{"rendered":"http:\/\/face.unt.edu.ar\/web\/?p=5049"},"modified":"2017-04-24T18:51:14","modified_gmt":"2017-04-24T18:51:14","slug":"jornada-de-actualizacion-sostenibilidad-en-las-cadenas-de-valor-para-formadores","status":"publish","type":"post","link":"https:\/\/face.unt.edu.ar\/web\/blog\/jornada-de-actualizacion-sostenibilidad-en-las-cadenas-de-valor-para-formadores\/","title":{"rendered":"Jornada de Actualizaci\u00f3n: Sostenibilidad en las cadenas de valor para formadores"},"content":{"rendered":"<p>El pr\u00f3ximo\u00a0<strong>viernes 28 de abril<\/strong>, se realizar\u00e1 en nuestra Facultad la<strong>\u00a0<\/strong><strong>Jornada de Actualizaci\u00f3n: Sostenibilidad en las cadenas de valor para formadores\u201d.\u00a0<\/strong>Ser\u00e1 a partir de las 15:00 horas y hasta las 17:00, en el Aula 15 de nuestra Facultad.<!--more--><\/p>\n<p>Se trata de un taller destinado a docentes de grado y post grado de la Facultad de Ciencias Econ\u00f3micas de la UNT y tiene como objetivo principal, la actualizaci\u00f3n en materia de iniciativas globalmente reconocidas, tendientes a la inclusi\u00f3n del concepto de sostenibilidad en la gesti\u00f3n de las organizaciones.<\/p>\n<p>Adem\u00e1s de brindar un panorama actualizado de las iniciativas relacionadas con la sostenibilidad globalmente reconocidas (ODSs, Pacto Global, ISO\/Sistemas de gesti\u00f3n:2015, ISO 26000, ISO 20400, GRI, etc.).<\/p>\n<p>La metodolog\u00eda que se usar\u00e1 tiene que ver con una\u00a0Exposici\u00f3n dialogada a cargo de Adriana Rosenfeld y Cristina L\u00f3pez.<\/p>\n<p>Cabe destacar que la jornada es sin cargo pero tiene cupo para 30 docentes.<\/p>\n<p>Los interesados pueden inscribirse por correo electr\u00f3nico a\u00a0<a href=\"mailto:organizacioncontableunt@gmail.com\">organizacioncontableunt@gmail.com<\/a> o dirigirse a la C\u00e1tedra de Organizaci\u00f3n Contable.<\/p>\n<p>La actividad es organizada por la C\u00e1tedra de Organizaci\u00f3n Contable y la Fundaci\u00f3n El Otro.<\/p>\n<p>&nbsp;<\/p>\n<p><strong>Sobre las disertantes<\/strong><\/p>\n<p><strong>Cra. Cristina L\u00f3pez \u2013 Perfil Profesional<\/strong><\/p>\n<p>Contadora P\u00fablica-U.B.A., Experta en Responsabilidad Social, Coach organizacional.<br \/>\nCoordinadora del Centro de Estudios Internacionales de la UNLZ, es adem\u00e1s responsable de los programas de RS de la Fundaci\u00f3n El Otro, como as\u00ed tambi\u00e9n Secretaria del Comit\u00e9 de Responsabilidad Social del IRAM y del sub comit\u00e9 de Compras Sustentables. Desde 2015 es World Bank Group e IMF Fellow. Durante su trayectoria profesional ha realizado aportes en distintos sectores:<\/p>\n<p>En el sector social: desde 2007 es directora de Fundaci\u00f3n el otro, espacio desde el cual lidera el cap\u00edtulo argentino de la Red Puentes y es miembro de su Comit\u00e9 Ejecutivo Internacional.<\/p>\n<p>Entre 2009 y 2011 ha sido la Coordinadora para Iberoam\u00e9rica del Proyecto Oxfam Novib de incidencia en el desarrollo de la RS ejecutado dentro del marco de la Red Puentes Internacional.<\/p>\n<p>En 2008 fue nominada por ONGs de Argentina como su experta ante el Comit\u00e9 Espejo durante el proceso de elaboraci\u00f3n de la Gu\u00eda ISO 26000:2010 RS de desde entonces ha representado al sector-pa\u00eds en todos los plenarios internacionales. Entre otras instancias de representaci\u00f3n sectorial ha participado en el proceso de revisi\u00f3n de las Gu\u00edas Directrices de la OCDE para EMNs en el Comit\u00e9 de Inversi\u00f3n en Paris 2010 y en diferentes procesos de consulta: ONU-John Ruggie, Accountability, GRI, Banco Mundial y BID entre otros. Desde 2013 es parte de los Foros de la ONU sobre Derechos Humanos y Empresas. En el \u00e1mbito acad\u00e9mico: ha sido docente fundacional del Master en Coaching Organizacional de la USAL, del programa de formaci\u00f3n en RS y Sostenibilidad de la UTDT, de la C\u00e1tedra Abierta de Responsabilidad Social de la Universidad Nacional de La Plata. Desde 2004 dicta cursos de Coaching y RS en distintas universidades \u2013 USAL, ITBA, UADE, UCA, UBA, UNLA y UNLaM, entre otras-. e integra la Red de Apoyo del IAE para desarrollo de emprendedores.<\/p>\n<p>En el sector p\u00fablico: desde 2012 realiza asesoramiento t\u00e9cnico en el Ministerio de Trabajo de la Naci\u00f3n en el \u00e1rea de RS y Trabajo Decente, y fue designada por el Ministro de Trabajo de la Naci\u00f3n Dr. Carlos Tomada para el desarrollo del Sistema de Gesti\u00f3n de la Calidad Ocupacional una iniciativa de abordaje de cadenas de valor socialmente responsables.<\/p>\n<p>Entre 2008-2011 ha sido la dise\u00f1adora y ejecutora del programa \u00ablos Municipios y sus grupos de inter\u00e9s\u00bb, primer abordaje de la RS en la Provincia de Buenos Aires en m\u00e1s de 20 de sus municipios, dentro del marco de trabajo del Consejo Federal de Inversiones.<\/p>\n<p>En el sector privado: Por m\u00e1s de 20 a\u00f1os ha gerenciado diferentes empresas multinacionales en Argentina, Francia, Brasil, Chile y Uruguay, tanto en los planos locales como a nivel regional para Sudam\u00e9rica. Desde 2001 se desempe\u00f1a desde Argentina en el \u00e1rea de consultor\u00eda como especialista en re-estructuraciones organizacionales para el desarrollo de la Responsabilidad Social. Desde 2013 se ha especializado en el desarrollo de auditor\u00edas sociales (Certificate SGS\/SSCE\/SSACC\/512223\/P\/72.<\/p>\n<p>&nbsp;<\/p>\n<p><strong>Lic. Adriana Rosenfeld &#8211; Perfil Profesional Resumido<\/strong><\/p>\n<p>&#8211; Licenciada en Informaci\u00f3n Ambiental\/Universidad Nacional de Luj\u00e1n<\/p>\n<p>&#8211; Auditora ambiental \u2013 Certificado European Organization for Quality<\/p>\n<p>&#8211; Experta en 26000:2010 \u2013 Certificado IRAM. A\u00f1o 2011<\/p>\n<p>&#8211; Formadora de Formadores en RSE \u2013 Certificado de la Red Iberoamericana de Universidades por la Responsabilidad Social Empresarial\/REDUNIRSE<\/p>\n<p>En la Universidad Nacional de Luj\u00e1n es profesora adjunta ordinaria del Departamento de Ciencias Sociales, Coordinadora de la Licenciatura en Informaci\u00f3n Ambiental e integra equipos interdisciplinarios de investigaci\u00f3n, extensi\u00f3n y vinculaci\u00f3n tecnol\u00f3gica.<\/p>\n<p>Es docente de grado y posgrado en diferentes universidades en las tem\u00e1ticas ambientales y de responsabilidad social y autora de libros y art\u00edculos en publicaciones especializadas.<\/p>\n<p>En el marco del desarrollo de la ISO 26000:2010-Gu\u00eda de responsabilidad social se ha desempe\u00f1ado como: col\u00edder del equipo encargado del dise\u00f1o y la implementaci\u00f3n de la pol\u00edtica comunicacional del grupo internacional a cargo del estudio de la norma y como integrante del Comit\u00e9 Espejo Argentino.<\/p>\n<p>En relaci\u00f3n a la tem\u00e1tica de responsabilidad social, actualmente integra el grupo internacional encargado de velar por el correcto uso de la ISO 26000:2010, co-lidera el grupo espec\u00edfico para la Comisi\u00f3n Panamericana de Normas T\u00e9cnicas y est\u00e1 a cargo de la coordinaci\u00f3n a nivel internacional, regional y nacional para IRAM.<\/p>\n<p>&nbsp;<\/p>\n<p>&nbsp;<\/p>\n","protected":false},"excerpt":{"rendered":"<p>El pr\u00f3ximo\u00a0viernes 28 de abril, se realizar\u00e1 en nuestra Facultad la\u00a0Jornada de Actualizaci\u00f3n: Sostenibilidad en las cadenas de valor para formadores\u201d.\u00a0Ser\u00e1 a partir de las 15:00 horas y hasta las 17:00, en el Aula 15 de nuestra Facultad.<\/p>\n","protected":false},"author":2,"featured_media":5051,"comment_status":"open","ping_status":"open","sticky":false,"template":"","format":"standard","meta":{"_et_pb_use_builder":"","_et_pb_old_content":"","_et_gb_content_width":"","footnotes":""},"categories":[4],"tags":[],"_links":{"self":[{"href":"https:\/\/face.unt.edu.ar\/web\/wp-json\/wp\/v2\/posts\/5049"}],"collection":[{"href":"https:\/\/face.unt.edu.ar\/web\/wp-json\/wp\/v2\/posts"}],"about":[{"href":"https:\/\/face.unt.edu.ar\/web\/wp-json\/wp\/v2\/types\/post"}],"author":[{"embeddable":true,"href":"https:\/\/face.unt.edu.ar\/web\/wp-json\/wp\/v2\/users\/2"}],"replies":[{"embeddable":true,"href":"https:\/\/face.unt.edu.ar\/web\/wp-json\/wp\/v2\/comments?post=5049"}],"version-history":[{"count":3,"href":"https:\/\/face.unt.edu.ar\/web\/wp-json\/wp\/v2\/posts\/5049\/revisions"}],"predecessor-version":[{"id":5053,"href":"https:\/\/face.unt.edu.ar\/web\/wp-json\/wp\/v2\/posts\/5049\/revisions\/5053"}],"wp:featuredmedia":[{"embeddable":true,"href":"https:\/\/face.unt.edu.ar\/web\/wp-json\/wp\/v2\/media\/5051"}],"wp:attachment":[{"href":"https:\/\/face.unt.edu.ar\/web\/wp-json\/wp\/v2\/media?parent=5049"}],"wp:term":[{"taxonomy":"category","embeddable":true,"href":"https:\/\/face.unt.edu.ar\/web\/wp-json\/wp\/v2\/categories?post=5049"},{"taxonomy":"post_tag","embeddable":true,"href":"https:\/\/face.unt.edu.ar\/web\/wp-json\/wp\/v2\/tags?post=5049"}],"curies":[{"name":"wp","href":"https:\/\/api.w.org\/{rel}","templated":true}]}}