{"id":5061,"date":"2017-04-26T14:38:40","date_gmt":"2017-04-26T14:38:40","guid":{"rendered":"http:\/\/face.unt.edu.ar\/web\/?p=5061"},"modified":"2017-04-26T14:38:40","modified_gmt":"2017-04-26T14:38:40","slug":"la-problematica-laboral-y-social-fueron-eje-del-debate-en-una-charla-en-la-face","status":"publish","type":"post","link":"https:\/\/face.unt.edu.ar\/web\/blog\/la-problematica-laboral-y-social-fueron-eje-del-debate-en-una-charla-en-la-face\/","title":{"rendered":"La problem\u00e1tica laboral y social fueron eje del debate en una charla en la Face"},"content":{"rendered":"<p style=\"text-align: justify\">Escuelas econ\u00f3micas\u00a0antag\u00f3nicas, soluciones distintas a un mismo problema y modelos de desarrollo\u00a0alternativo de pensamiento en\u00a0econom\u00eda\u00a0fueron los temas abordados en la charla que brindaron los economistas Mart\u00edn Burgos, Demian Panigo y Hugo Ferullo en nuestra facultad.<!--more--><\/p>\n<p style=\"text-align: justify\">La actividad que estuvo organizada por la c\u00e1tedra\u00a0Econom\u00eda y Sociedad de la Facultad de Ciencias Econ\u00f3micas\u00a0y EPPA (Econom\u00eda Pol\u00edtica Para la Argentina), cont\u00f3 con una nutrida concurrencia tanto de alumnos, docentes como de publico en general.<\/p>\n<p style=\"text-align: justify\">El \u00a0Dr Hugo Ferullo tuvo a su cargo la apertura del encuentro, que adem\u00e1s fue planteado como una actividad que promueve el intercambio de ideas, a tono con el eje central de la c\u00e1tedra (econom\u00eda y sociedad)\u00a0 cuyo desarrollo se da de manera simultanea en distintas provincias del pa\u00eds\u00a0y sus facultades \u00a0y que \u00abtiene como objetivo comenzar\u00a0 a tejer un red de trabajo conjunto entre las distintas facultades, docentes y estudiantes de todo el \u00a0pa\u00eds, en un esquema federal\u00bb, afirm\u00f3 el Dr Demian Panigo.<\/p>\n<p style=\"text-align: justify\">En la oportunidad se dio lugar a la pol\u00e9mica \u00a0sobre la historia del pensamiento econ\u00f3mico, sobre modelos de desarrollo alternativo y tambi\u00e9n\u00a0sobre la econom\u00eda\u00a0argentina en la actualidad.<\/p>\n<p style=\"text-align: justify\">Uno de los puntos abordados fue la problem\u00e1tica\u00a0laboral y social y seg\u00fan evidencian los estudios de una de las \u00e1reas de investigaci\u00f3n del CONICET, \u00a0Centro de Innovaci\u00f3n de los Trabajadores\u00a0(CITRA), hoy bajo la direcci\u00f3n\u00a0del Dr. Panigo, existen motivos para preocuparse; \u00abel aumento de precios de productos que en particular consumen los trabajadores esta generando un panorama complejo que no puede ser revertido por la macroeconom\u00eda\u00bb, asegura<\/p>\n<p style=\"text-align: justify\">Hablar de las diferencias existentes entre las escuelas\u00a0econ\u00f3micas\u00a0y lo que esto implica para la sociedad, tambi\u00e9n\u00a0fue materia de discusi\u00f3n; \u00aben la econom\u00eda\u00a0hay que saber que hay dos bibliotecas que dif\u00edcilmente\u00a0se vayan a unir por cuestiones estructurales que tienen que ver con la sociedad misma y por como esta compuesta\u00bb asegura Martin Burgos, Economista del Centro Cultural de la Cooperaci\u00f3n Floreal Gorini. \u00abLo que se ve es que hay una de esas bibliotecas que est\u00e1 mucho mas en vista, mucho mas conocida que aparece siempre en la\u00a0televisi\u00f3n\u00a0y que tiene muchas mas herramientas para llegar a la gente\u00bb Por ello propone un acercamiento a la visi\u00f3n\u00a0antag\u00f3nica\u00a0que plantea como eje central el ingreso de los sectores populares y se pregunta por la efectividad de la intervenci\u00f3n\u00a0del estado en el mercado o en que mercado es necesario que el estado intervenga, para que en base a eso, se evidencien cuales son\u00a0las diferencias y algunas continuidades del macrismo respecto del kirchnerismo y como ante un mismo problema se pueden dar respuestas distintas.<\/p>\n<p style=\"text-align: justify\">Estos puntos tratados, entre otros, dieron lugar a una jornada a la que sus concurrentes calificaron de provechosa y que invita a pensar y a discernir entre la pluralidad de ideas que el \u00e1mbito\u00a0acad\u00e9mico\u00a0de la econom\u00eda\u00a0presenta.<\/p>\n","protected":false},"excerpt":{"rendered":"<p>Escuelas econ\u00f3micas\u00a0antag\u00f3nicas, soluciones distintas a un mismo problema y modelos de desarrollo\u00a0alternativo de pensamiento en\u00a0econom\u00eda\u00a0fueron los temas abordados en la charla que brindaron los economistas Mart\u00edn Burgos, Demian Panigo y Hugo Ferullo en nuestra facultad.<\/p>\n","protected":false},"author":3,"featured_media":5062,"comment_status":"open","ping_status":"open","sticky":false,"template":"","format":"standard","meta":{"_et_pb_use_builder":"","_et_pb_old_content":"","_et_gb_content_width":"","footnotes":""},"categories":[4],"tags":[],"_links":{"self":[{"href":"https:\/\/face.unt.edu.ar\/web\/wp-json\/wp\/v2\/posts\/5061"}],"collection":[{"href":"https:\/\/face.unt.edu.ar\/web\/wp-json\/wp\/v2\/posts"}],"about":[{"href":"https:\/\/face.unt.edu.ar\/web\/wp-json\/wp\/v2\/types\/post"}],"author":[{"embeddable":true,"href":"https:\/\/face.unt.edu.ar\/web\/wp-json\/wp\/v2\/users\/3"}],"replies":[{"embeddable":true,"href":"https:\/\/face.unt.edu.ar\/web\/wp-json\/wp\/v2\/comments?post=5061"}],"version-history":[{"count":2,"href":"https:\/\/face.unt.edu.ar\/web\/wp-json\/wp\/v2\/posts\/5061\/revisions"}],"predecessor-version":[{"id":5064,"href":"https:\/\/face.unt.edu.ar\/web\/wp-json\/wp\/v2\/posts\/5061\/revisions\/5064"}],"wp:featuredmedia":[{"embeddable":true,"href":"https:\/\/face.unt.edu.ar\/web\/wp-json\/wp\/v2\/media\/5062"}],"wp:attachment":[{"href":"https:\/\/face.unt.edu.ar\/web\/wp-json\/wp\/v2\/media?parent=5061"}],"wp:term":[{"taxonomy":"category","embeddable":true,"href":"https:\/\/face.unt.edu.ar\/web\/wp-json\/wp\/v2\/categories?post=5061"},{"taxonomy":"post_tag","embeddable":true,"href":"https:\/\/face.unt.edu.ar\/web\/wp-json\/wp\/v2\/tags?post=5061"}],"curies":[{"name":"wp","href":"https:\/\/api.w.org\/{rel}","templated":true}]}}