{"id":5066,"date":"2017-04-26T16:20:28","date_gmt":"2017-04-26T16:20:28","guid":{"rendered":"http:\/\/face.unt.edu.ar\/web\/?p=5066"},"modified":"2017-04-28T00:11:10","modified_gmt":"2017-04-28T00:11:10","slug":"trayectoria-ininterrumpida-del-posgrado-en-tributacion-y-reconocimiento-a-sus-ex-directores","status":"publish","type":"post","link":"https:\/\/face.unt.edu.ar\/web\/blog\/trayectoria-ininterrumpida-del-posgrado-en-tributacion-y-reconocimiento-a-sus-ex-directores\/","title":{"rendered":"Homenaje a la trayectoria del posgrado Especializaci\u00f3n en Tributaci\u00f3n y reconocimiento a sus ex-directores."},"content":{"rendered":"<p>Un emotivo acto de distinci\u00f3n\u00a0a quienes fueron directores del Posgrado Especializaci\u00f3n en Tributaci\u00f3n tuvo lugar el pasado viernes en nuestra Facultad, con motivo de cumplirse el 25 Aniversario de su creaci\u00f3n.<!--more--><\/p>\n<p><a href=\"http:\/\/face.unt.edu.ar\/web\/wp-content\/uploads\/2017\/04\/homenaje-vale.jpg\"><img decoding=\"async\" loading=\"lazy\" class=\"aligncenter wp-image-5089 size-full\" src=\"http:\/\/face.unt.edu.ar\/web\/wp-content\/uploads\/2017\/04\/homenaje-vale.jpg\" alt=\"Homenaje Trayectoria Tributaci\u00f3n\" width=\"500\" height=\"331\" srcset=\"https:\/\/face.unt.edu.ar\/web\/wp-content\/uploads\/2017\/04\/homenaje-vale.jpg 500w, https:\/\/face.unt.edu.ar\/web\/wp-content\/uploads\/2017\/04\/homenaje-vale-300x199.jpg 300w\" sizes=\"(max-width: 500px) 100vw, 500px\" \/><\/a><\/p>\n<p>&nbsp;<\/p>\n<p>Encabezaron la ceremonia, el decano de la Facultad, Mg. Jos\u00e9 Luis Antonio Jim\u00e9nez, la vicedecana, Mg. Maria Liliana Pacheco, el Secretario de Posgrado e Investigaci\u00f3n, Mg. Humberto D&#8217;Arterio, la Secretaria Administrativa, Cra. M\u00f3nica Delgado y el actual director de la carrera, Dr. Luis Forns.<\/p>\n<p>Luego de las palabras alusivas a la trayectoria ininterrumpida del posgrado durante 25 a\u00f1os y en coincidencia con los festejos por el 70 aniversario de la creaci\u00f3n de nuestra Casa, las autoridades hicieron entrega de un obsequio recordatorio a la Lic. Alicia Cordileone de Forns, esposa del Dr. Antonio Forns, fundador de la Especializaci\u00f3n en Tributaci\u00f3n. Seguidamente la se\u00f1ora Virginia Z\u00f3ttola de Fern\u00e1ndez, esposa del Dr. Francisco Fern\u00e1ndez tambi\u00e9n recibi\u00f3 la distinci\u00f3n de manos de las autoridades.<\/p>\n<p>Cabe aclarar que el acto se dio en el marco de la clase inaugural de la cohorte que inicia este a\u00f1o.<\/p>\n","protected":false},"excerpt":{"rendered":"<p>Un emotivo acto de distinci\u00f3n\u00a0a quienes fueron directores del Posgrado Especializaci\u00f3n en Tributaci\u00f3n tuvo lugar el pasado viernes en nuestra Facultad, con motivo de cumplirse el 25 Aniversario de su creaci\u00f3n.<\/p>\n","protected":false},"author":3,"featured_media":5069,"comment_status":"open","ping_status":"open","sticky":false,"template":"","format":"standard","meta":{"_et_pb_use_builder":"","_et_pb_old_content":"","_et_gb_content_width":"","footnotes":""},"categories":[4,5],"tags":[],"_links":{"self":[{"href":"https:\/\/face.unt.edu.ar\/web\/wp-json\/wp\/v2\/posts\/5066"}],"collection":[{"href":"https:\/\/face.unt.edu.ar\/web\/wp-json\/wp\/v2\/posts"}],"about":[{"href":"https:\/\/face.unt.edu.ar\/web\/wp-json\/wp\/v2\/types\/post"}],"author":[{"embeddable":true,"href":"https:\/\/face.unt.edu.ar\/web\/wp-json\/wp\/v2\/users\/3"}],"replies":[{"embeddable":true,"href":"https:\/\/face.unt.edu.ar\/web\/wp-json\/wp\/v2\/comments?post=5066"}],"version-history":[{"count":7,"href":"https:\/\/face.unt.edu.ar\/web\/wp-json\/wp\/v2\/posts\/5066\/revisions"}],"predecessor-version":[{"id":5094,"href":"https:\/\/face.unt.edu.ar\/web\/wp-json\/wp\/v2\/posts\/5066\/revisions\/5094"}],"wp:featuredmedia":[{"embeddable":true,"href":"https:\/\/face.unt.edu.ar\/web\/wp-json\/wp\/v2\/media\/5069"}],"wp:attachment":[{"href":"https:\/\/face.unt.edu.ar\/web\/wp-json\/wp\/v2\/media?parent=5066"}],"wp:term":[{"taxonomy":"category","embeddable":true,"href":"https:\/\/face.unt.edu.ar\/web\/wp-json\/wp\/v2\/categories?post=5066"},{"taxonomy":"post_tag","embeddable":true,"href":"https:\/\/face.unt.edu.ar\/web\/wp-json\/wp\/v2\/tags?post=5066"}],"curies":[{"name":"wp","href":"https:\/\/api.w.org\/{rel}","templated":true}]}}