{"id":5122,"date":"2017-05-03T16:22:57","date_gmt":"2017-05-03T16:22:57","guid":{"rendered":"http:\/\/face.unt.edu.ar\/web\/?p=5122"},"modified":"2017-05-04T20:15:09","modified_gmt":"2017-05-04T20:15:09","slug":"taller-de-oratoria-y-presentaciones-efectivas","status":"publish","type":"post","link":"https:\/\/face.unt.edu.ar\/web\/blog\/taller-de-oratoria-y-presentaciones-efectivas\/","title":{"rendered":"Taller de oratoria y presentaciones efectivas"},"content":{"rendered":"<p class=\"x_MsoNoSpacing\">Se reprograma el inicio del Taller, ser\u00e1 a partir del jueves 11 de mayo.<br \/>\nEl Taller de oratoria y presentaciones efectivas estar\u00e1 a cargo de la Mg. Liliana Fagre, docente de nuestra Facultad.<!--more--><\/p>\n<p class=\"x_MsoNoSpacing\">\u00a0El mismo tendr\u00e1 lugar los jueves 11 y 18 de Mayo, de 18.30 a 21.30 horas en el aula 16 de nuestra Casa, si bien se dictar\u00e1 en tres encuentros, resta definir la fecha del \u00faltimo.<br \/>\nEst\u00e1 destinado a alumnos y j\u00f3venes egresados de las carreras de la Facultad quienes podr\u00e1n:<\/p>\n<p class=\"x_MsoNormal\">* Comprender la estructura y el proceso de la oratoria<br \/>\n<span style=\"font-family: Calibri, Arial, Helvetica, sans-serif\">*Adquirir t\u00e9cnicas\u00a0para mejorar la oratoria<br \/>\n<\/span>*Aprender tips para lograr presentaciones efectivas<br \/>\n*Potenciar la capacidad de oratoria y de hacer presentaciones orales efectivas.<\/p>\n<p class=\"x_MsoNormal\">\u00a0El costo de inscripci\u00f3n es de $100..Las inscripciones se realizar\u00e1n en<span class=\"x_apple-converted-space\">\u00a0<\/span><span class=\"x_xapple-converted-space\">\u00a0<\/span>la Asociaci\u00f3n Cooperadora\u00a0de\u00a0la Facultad, Av. Independencia 1900,\u00a0de\u00a0lunes a viernes\u00a0de\u00a08 a 12 horas y\u00a0de\u00a016 a 19:30 horas.<\/p>\n","protected":false},"excerpt":{"rendered":"<p>Se reprograma el inicio del Taller, ser\u00e1 a partir del jueves 11 de mayo. El Taller de oratoria y presentaciones efectivas estar\u00e1 a cargo de la Mg. Liliana Fagre, docente de nuestra Facultad.<\/p>\n","protected":false},"author":3,"featured_media":5141,"comment_status":"open","ping_status":"open","sticky":false,"template":"","format":"standard","meta":{"_et_pb_use_builder":"","_et_pb_old_content":"","_et_gb_content_width":"","footnotes":""},"categories":[4],"tags":[],"_links":{"self":[{"href":"https:\/\/face.unt.edu.ar\/web\/wp-json\/wp\/v2\/posts\/5122"}],"collection":[{"href":"https:\/\/face.unt.edu.ar\/web\/wp-json\/wp\/v2\/posts"}],"about":[{"href":"https:\/\/face.unt.edu.ar\/web\/wp-json\/wp\/v2\/types\/post"}],"author":[{"embeddable":true,"href":"https:\/\/face.unt.edu.ar\/web\/wp-json\/wp\/v2\/users\/3"}],"replies":[{"embeddable":true,"href":"https:\/\/face.unt.edu.ar\/web\/wp-json\/wp\/v2\/comments?post=5122"}],"version-history":[{"count":6,"href":"https:\/\/face.unt.edu.ar\/web\/wp-json\/wp\/v2\/posts\/5122\/revisions"}],"predecessor-version":[{"id":5136,"href":"https:\/\/face.unt.edu.ar\/web\/wp-json\/wp\/v2\/posts\/5122\/revisions\/5136"}],"wp:featuredmedia":[{"embeddable":true,"href":"https:\/\/face.unt.edu.ar\/web\/wp-json\/wp\/v2\/media\/5141"}],"wp:attachment":[{"href":"https:\/\/face.unt.edu.ar\/web\/wp-json\/wp\/v2\/media?parent=5122"}],"wp:term":[{"taxonomy":"category","embeddable":true,"href":"https:\/\/face.unt.edu.ar\/web\/wp-json\/wp\/v2\/categories?post=5122"},{"taxonomy":"post_tag","embeddable":true,"href":"https:\/\/face.unt.edu.ar\/web\/wp-json\/wp\/v2\/tags?post=5122"}],"curies":[{"name":"wp","href":"https:\/\/api.w.org\/{rel}","templated":true}]}}