{"id":5187,"date":"2017-05-15T16:28:37","date_gmt":"2017-05-15T16:28:37","guid":{"rendered":"http:\/\/face.unt.edu.ar\/web\/?p=5187"},"modified":"2017-05-15T16:46:04","modified_gmt":"2017-05-15T16:46:04","slug":"integrantes-de-asociaciones-civiles-de-la-provincia-se-capacitan-en-nuestra-facultad","status":"publish","type":"post","link":"https:\/\/face.unt.edu.ar\/web\/blog\/integrantes-de-asociaciones-civiles-de-la-provincia-se-capacitan-en-nuestra-facultad\/","title":{"rendered":"Integrantes de asociaciones civiles de la provincia  se capacitan en nuestra Facultad"},"content":{"rendered":"<p>&nbsp;<\/p>\n<p>La Facultad de Ciencias Econ\u00f3micas de la UNT dio inicio a la tercera etapa de capacitaci\u00f3n para organizaciones sociales, asociaciones civiles y fundaciones, que se realiza a partir del convenio que tiene nuestra Facultad con el Ministerio de Desarrollo Social de la provincia, a trav\u00e9s de la Secretar\u00eda de Estado de Articulaci\u00f3n Territorial y Desarrollo Local, y la Fundaci\u00f3n Ruah.<br \/>\nCon este acuerdo la Facultad renueva su compromiso de brindar asistencia t\u00e9cnica y acompa\u00f1amiento a los integrantes de organizaciones dependientes del Ministerio.<\/p>\n<p>En el acto estuvieron presentes: el Ministro de Desarrollo Social de la provincia, Gabriel Yedlin, el Secretario de Articulaci\u00f3n Territorial y Desarrollo Local, Ramiro Gonzalez Navarro; el Secretario de Extensi\u00f3n de la UNT, Marcelo Mirkin, el Director de la Fundaci\u00f3n Ruah, Miguel Villagra, el Decano de la Facultad de Ciencias Econ\u00f3micas, Jose Luis Jimenez, la Vicedecana,\u00a0Maria Liliana Pacheco, el Secretario de Extensi\u00f3n de esta Casa de Estudios, Ariel Apichela, la\u00a0docente a cargo de la capacitaci\u00f3n, Prof. Raquel Giannini, dem\u00e1s integrantes de estas instituciones, egresadas del curso, nuevos beneficiarios y docentes auxiliares.<\/p>\n<p>Durante la firma de convenio, el Mg. Jos\u00e9 Luis Antonio Jim\u00e9nez, Decano de esta Casa de Estudios, se dirigi\u00f3 a los presentes para darles la bienvenida y resaltar que al comenzar el cursado de la capacitaci\u00f3n, los asistentes \u201cya forman parte de la Facultad y a su vez, de la universidad p\u00fablica, que es de todos. Desde nuestro lugar nos comprometemos a ofrecerles todo lo necesario para que ustedes se capaciten, con la plena convicci\u00f3n de que se puede. Adem\u00e1s, es importante que ustedes aprovechen al m\u00e1ximo lo que se les brinda, ya que esto los ayudar\u00e1 mucho en el quehacer diario en su organizaci\u00f3n\u201d, puntualiz\u00f3.<\/p>\n<p>Por su parte, el ministro de Desarrollo Social de la provincia, el Dr. Gabriel Yedlin se refiri\u00f3 al resultado positivo que arrojaron las experiencias anteriores y coment\u00f3: \u201ctodos los d\u00edas uno ve como las organizaciones vienen creciendo y no hay manera de que nosotros lleguemos a los lugares que necesitan solo desde el Ministerio, por eso celebramos este tipo de convenios. Lo importante es que a trav\u00e9s de ustedes (refiri\u00e9ndose a los alumnos), la gente que est\u00e1 en las organizaciones puede crecer tambi\u00e9n\u201d.<\/p>\n<p>El Lic. Marcelo Mirkin, Secretario de Extensi\u00f3n Universitaria de la UNT, tambi\u00e9n tom\u00f3 la palabra y destac\u00f3 que \u201ces fundamental que todas las unidades acad\u00e9micas y el rectorado puedan llevar a cabo actividades como \u00e9sta, porque eso redunda en beneficio para la gente. Lo que nosotros buscamos, dijo, con este tipo de actividades extensionistas, es llegar a esos sectores m\u00e1s vulnerables de la sociedad que no tienen acceso habitualmente a la Universidad\u201d.<\/p>\n<p>Tambi\u00e9n hubo lugar para el testimonio de egresados de capacitaciones anteriores que contaron su experiencia, quienes destacaron que adem\u00e1s de incorporar los conocimientos sobre computaci\u00f3n\u00a0 y conceptos b\u00e1sicos del \u00e1rea contable, encontraron un espacio de contenci\u00f3n, de superaci\u00f3n personal y de incentivo para completar sus estudios y animarse a iniciar una carrera universitaria, algo que en muchos casos, es visto como un mundo muy lejano de ellos, motivo por el cual aprovecharon la ocasi\u00f3n para agradecer la oportunidad que se les presenta ahora.<\/p>\n<p>&nbsp;<\/p>\n<p>&nbsp;<\/p>\n","protected":false},"excerpt":{"rendered":"<p>&nbsp; La Facultad de Ciencias Econ\u00f3micas de la UNT dio inicio a la tercera etapa de capacitaci\u00f3n para organizaciones sociales, asociaciones civiles y fundaciones, que se realiza a partir del convenio que tiene nuestra Facultad con el Ministerio de Desarrollo Social de la provincia, a trav\u00e9s de la Secretar\u00eda de Estado de Articulaci\u00f3n Territorial y [&hellip;]<\/p>\n","protected":false},"author":2,"featured_media":5191,"comment_status":"open","ping_status":"open","sticky":false,"template":"","format":"standard","meta":{"_et_pb_use_builder":"","_et_pb_old_content":"","_et_gb_content_width":"","footnotes":""},"categories":[4],"tags":[],"_links":{"self":[{"href":"https:\/\/face.unt.edu.ar\/web\/wp-json\/wp\/v2\/posts\/5187"}],"collection":[{"href":"https:\/\/face.unt.edu.ar\/web\/wp-json\/wp\/v2\/posts"}],"about":[{"href":"https:\/\/face.unt.edu.ar\/web\/wp-json\/wp\/v2\/types\/post"}],"author":[{"embeddable":true,"href":"https:\/\/face.unt.edu.ar\/web\/wp-json\/wp\/v2\/users\/2"}],"replies":[{"embeddable":true,"href":"https:\/\/face.unt.edu.ar\/web\/wp-json\/wp\/v2\/comments?post=5187"}],"version-history":[{"count":2,"href":"https:\/\/face.unt.edu.ar\/web\/wp-json\/wp\/v2\/posts\/5187\/revisions"}],"predecessor-version":[{"id":5190,"href":"https:\/\/face.unt.edu.ar\/web\/wp-json\/wp\/v2\/posts\/5187\/revisions\/5190"}],"wp:featuredmedia":[{"embeddable":true,"href":"https:\/\/face.unt.edu.ar\/web\/wp-json\/wp\/v2\/media\/5191"}],"wp:attachment":[{"href":"https:\/\/face.unt.edu.ar\/web\/wp-json\/wp\/v2\/media?parent=5187"}],"wp:term":[{"taxonomy":"category","embeddable":true,"href":"https:\/\/face.unt.edu.ar\/web\/wp-json\/wp\/v2\/categories?post=5187"},{"taxonomy":"post_tag","embeddable":true,"href":"https:\/\/face.unt.edu.ar\/web\/wp-json\/wp\/v2\/tags?post=5187"}],"curies":[{"name":"wp","href":"https:\/\/api.w.org\/{rel}","templated":true}]}}