{"id":5264,"date":"2017-05-25T23:32:51","date_gmt":"2017-05-25T23:32:51","guid":{"rendered":"http:\/\/face.unt.edu.ar\/web\/?p=5264"},"modified":"2017-05-25T23:32:51","modified_gmt":"2017-05-25T23:32:51","slug":"nuevos-consejeros-asumieron-sus-funciones-en-el-consejo-directivo-de-nuestra-facultad","status":"publish","type":"post","link":"https:\/\/face.unt.edu.ar\/web\/blog\/nuevos-consejeros-asumieron-sus-funciones-en-el-consejo-directivo-de-nuestra-facultad\/","title":{"rendered":"Nuevos consejeros asumieron sus funciones en el Consejo Directivo de nuestra Facultad."},"content":{"rendered":"<p style=\"text-align: justify\">Se llev\u00f3 a cabo la jura de los nuevos consejeros que representar\u00e1n al estamento estudiantil en el Consejo Directivo de nuestra Facultad.<!--more--><br \/>\nLuego de las elecciones estudiantiles llevadas a cabo en la UNT el d\u00eda 8 de de mayo, con motivo de elegir a quienes representar\u00e1n a este estamento ante el Consejo Directivo de cada unidad acad\u00e9mica,el decano de la Facultad de Ciencias Econ\u00f3micas, Mg. Jos\u00e9 Luis Antonio Jimenez, tom\u00f3 juramento a los nuevos consejeros directivos electos en una sesi\u00f3n extraordinaria el pasado martes 23 de mayo.<br \/>\n<strong>Leandro Sebasti\u00e1n Schrotlin<\/strong> y <strong>Esteban Maximiliano Cardozo<\/strong> fueron electos por la agrupaci\u00f3n FRANJA MORADA, mientras que el MOVIMIENTO HUMANISTA qued\u00f3 representado por el alumno <strong>Tom\u00e1s Maximiliano L\u00f3pez Vera<\/strong>.<\/p>\n<p>&nbsp;<\/p>\n<div id=\"attachment_5266\" style=\"width: 680px\" class=\"wp-caption aligncenter\"><a href=\"http:\/\/face.unt.edu.ar\/web\/wp-content\/uploads\/2017\/05\/1-1.jpg\"><img decoding=\"async\" loading=\"lazy\" aria-describedby=\"caption-attachment-5266\" class=\"wp-image-5266 size-full\" title=\"Leandro Sebasti\u00e1n Schrotlin\" src=\"http:\/\/face.unt.edu.ar\/web\/wp-content\/uploads\/2017\/05\/1-1.jpg\" alt=\"1\" width=\"670\" height=\"444\" srcset=\"https:\/\/face.unt.edu.ar\/web\/wp-content\/uploads\/2017\/05\/1-1.jpg 670w, https:\/\/face.unt.edu.ar\/web\/wp-content\/uploads\/2017\/05\/1-1-300x199.jpg 300w\" sizes=\"(max-width: 670px) 100vw, 670px\" \/><\/a><p id=\"caption-attachment-5266\" class=\"wp-caption-text\">Leandro Sebasti\u00e1n Schrotlin, en sus funciones como Consejero Directivo<\/p><\/div>\n<p>&nbsp;<\/p>\n<div id=\"attachment_5267\" style=\"width: 680px\" class=\"wp-caption aligncenter\"><a href=\"http:\/\/face.unt.edu.ar\/web\/wp-content\/uploads\/2017\/05\/2-1.jpg\"><img decoding=\"async\" loading=\"lazy\" aria-describedby=\"caption-attachment-5267\" class=\"wp-image-5267 size-full\" title=\"Esteban Maximiliano Cardozo\" src=\"http:\/\/face.unt.edu.ar\/web\/wp-content\/uploads\/2017\/05\/2-1.jpg\" alt=\"2\" width=\"670\" height=\"444\" srcset=\"https:\/\/face.unt.edu.ar\/web\/wp-content\/uploads\/2017\/05\/2-1.jpg 670w, https:\/\/face.unt.edu.ar\/web\/wp-content\/uploads\/2017\/05\/2-1-300x199.jpg 300w\" sizes=\"(max-width: 670px) 100vw, 670px\" \/><\/a><p id=\"caption-attachment-5267\" class=\"wp-caption-text\">Toma juramento como Consejero, Esteban Maximiliano Cardozo<\/p><\/div>\n<p>&nbsp;<\/p>\n<div id=\"attachment_5268\" style=\"width: 680px\" class=\"wp-caption aligncenter\"><a href=\"http:\/\/face.unt.edu.ar\/web\/wp-content\/uploads\/2017\/05\/3-1.jpg\"><img decoding=\"async\" loading=\"lazy\" aria-describedby=\"caption-attachment-5268\" class=\"wp-image-5268 size-full\" src=\"http:\/\/face.unt.edu.ar\/web\/wp-content\/uploads\/2017\/05\/3-1.jpg\" alt=\"3\" width=\"670\" height=\"444\" srcset=\"https:\/\/face.unt.edu.ar\/web\/wp-content\/uploads\/2017\/05\/3-1.jpg 670w, https:\/\/face.unt.edu.ar\/web\/wp-content\/uploads\/2017\/05\/3-1-300x199.jpg 300w\" sizes=\"(max-width: 670px) 100vw, 670px\" \/><\/a><p id=\"caption-attachment-5268\" class=\"wp-caption-text\">Tom\u00e1s Maximiliano L\u00f3pez Vera jura como Consejero Directivo por el estamento estudiantil durante el periodo lectivo 2017<\/p><\/div>\n","protected":false},"excerpt":{"rendered":"<p>Se llev\u00f3 a cabo la jura de los nuevos consejeros que representar\u00e1n al estamento estudiantil en el Consejo Directivo de nuestra Facultad.<\/p>\n","protected":false},"author":3,"featured_media":5265,"comment_status":"open","ping_status":"open","sticky":false,"template":"","format":"standard","meta":{"_et_pb_use_builder":"","_et_pb_old_content":"","_et_gb_content_width":"","footnotes":""},"categories":[4],"tags":[],"_links":{"self":[{"href":"https:\/\/face.unt.edu.ar\/web\/wp-json\/wp\/v2\/posts\/5264"}],"collection":[{"href":"https:\/\/face.unt.edu.ar\/web\/wp-json\/wp\/v2\/posts"}],"about":[{"href":"https:\/\/face.unt.edu.ar\/web\/wp-json\/wp\/v2\/types\/post"}],"author":[{"embeddable":true,"href":"https:\/\/face.unt.edu.ar\/web\/wp-json\/wp\/v2\/users\/3"}],"replies":[{"embeddable":true,"href":"https:\/\/face.unt.edu.ar\/web\/wp-json\/wp\/v2\/comments?post=5264"}],"version-history":[{"count":3,"href":"https:\/\/face.unt.edu.ar\/web\/wp-json\/wp\/v2\/posts\/5264\/revisions"}],"predecessor-version":[{"id":5271,"href":"https:\/\/face.unt.edu.ar\/web\/wp-json\/wp\/v2\/posts\/5264\/revisions\/5271"}],"wp:featuredmedia":[{"embeddable":true,"href":"https:\/\/face.unt.edu.ar\/web\/wp-json\/wp\/v2\/media\/5265"}],"wp:attachment":[{"href":"https:\/\/face.unt.edu.ar\/web\/wp-json\/wp\/v2\/media?parent=5264"}],"wp:term":[{"taxonomy":"category","embeddable":true,"href":"https:\/\/face.unt.edu.ar\/web\/wp-json\/wp\/v2\/categories?post=5264"},{"taxonomy":"post_tag","embeddable":true,"href":"https:\/\/face.unt.edu.ar\/web\/wp-json\/wp\/v2\/tags?post=5264"}],"curies":[{"name":"wp","href":"https:\/\/api.w.org\/{rel}","templated":true}]}}