{"id":5359,"date":"2017-06-07T16:05:08","date_gmt":"2017-06-07T16:05:08","guid":{"rendered":"http:\/\/face.unt.edu.ar\/web\/?p=5359"},"modified":"2017-06-07T16:22:43","modified_gmt":"2017-06-07T16:22:43","slug":"se-creo-la-red-de-facultades-de-ciencias-economicas-del-norte-argentino-redface","status":"publish","type":"post","link":"https:\/\/face.unt.edu.ar\/web\/blog\/se-creo-la-red-de-facultades-de-ciencias-economicas-del-norte-argentino-redface\/","title":{"rendered":"Se cre\u00f3 la Red de Facultades de Ciencias Econ\u00f3micas del Norte Argentino \u2013 REDFACE"},"content":{"rendered":"<p>El pasado viernes tuvo lugar en nuestra Facultad,\u00a0el Encuentro de\u00a0Decanos de las Facultades o Unidades Acad\u00e9micas Equivalentes con carreras en Ciencias Econ\u00f3micas de las Universidades Nacionales pertenecientes a la Regi\u00f3n del Norte Argentino. En esta\u00a0jornada qued\u00f3 constituida\u00a0la\u00a0Red de Facultades de Ciencias Econ\u00f3micas del Norte Argentino \u2013 REDFACE, organizaci\u00f3n que tiene como\u00a0fin:<\/p>\n<ol>\n<li>Establecer y estrechar v\u00ednculos de colaboraci\u00f3n, en la b\u00fasqueda de un espacio com\u00fan acad\u00e9mico y estudiantil.<\/li>\n<li>Constituirse en un instrumento que propicie, con el esfuerzo mancomunado de sus miembros, la realizaci\u00f3n de actividades que favorezcan a sus respectivas sociedades en el \u00e1rea de las ciencias econ\u00f3micas.<\/li>\n<li>Promover el fortalecimiento institucional de las Facultades participantes en aspectos de mejoramiento curricular, impulso a la investigaci\u00f3n y extensi\u00f3n, gesti\u00f3n econ\u00f3mica y administrativa.<\/li>\n<li>Promover y facilitar el intercambio de docentes, estudiantes e investigadores entre las Facultades miembros de la Red.<\/li>\n<li>Organizar cursos y postgrados regionales con reconocimiento pleno de sus miembros.<\/li>\n<li>Generar proyectos regionales de I+D+i con el objeto de elaborar propuestas<\/li>\n<\/ol>\n<p>Se constituyeron como fundadoras de la Red las Unidades Acad\u00e9micas de\u00a0Catamarca,\u00a0Jujuy,\u00a0La Rioja,\u00a0Salta,\u00a0Santiago del Estero y\u00a0Tucum\u00e1n.<\/p>\n<p>En la ocasi\u00f3n se design\u00f3 como\u00a0Presidente al Decano de la Facultad de Ciencias Econ\u00f3micas de la U.N.T. Mg. Jos\u00e9 Luis Antonio Jim\u00e9nez\u00a0y como miembros del comit\u00e9 Ejecutivo a la Decana de la Facultad de Humanidades, Ciencias Sociales y de la Salud de la UNSE Lic. Mar\u00eda Mercedes Arce de Vera y su par\u00a0de la Facultad de Ciencias Econ\u00f3micas de la UNJU Cra. Mar\u00eda Rosa Grisolia.<\/p>\n<p>Adem\u00e1s durante\u00a0la reuni\u00f3n se firm\u00f3 un\u00a0convenio de cooperaci\u00f3n para bibliotecas entre las Unidades Acad\u00e9micas\u00a0miembros\u00a0de la Red.<\/p>\n<p>Asimismo se fij\u00f3 como sede para la pr\u00f3xima reuni\u00f3n de la REDFACE \u00a0a la Facultad de Ciencias Econ\u00f3micas de la UNJU, en el mes de Octubre del corriente a\u00f1o.<\/p>\n<p><a href=\"http:\/\/face.unt.edu.ar\/web\/wp-content\/uploads\/2017\/06\/Firma-de-Convenio-REDFACE-2017.jpg\"><img decoding=\"async\" loading=\"lazy\" class=\"size-full wp-image-5360 aligncenter\" src=\"http:\/\/face.unt.edu.ar\/web\/wp-content\/uploads\/2017\/06\/Firma-de-Convenio-REDFACE-2017.jpg\" alt=\"Firma de Convenio REDFACE 2017\" width=\"670\" height=\"356\" srcset=\"https:\/\/face.unt.edu.ar\/web\/wp-content\/uploads\/2017\/06\/Firma-de-Convenio-REDFACE-2017.jpg 670w, https:\/\/face.unt.edu.ar\/web\/wp-content\/uploads\/2017\/06\/Firma-de-Convenio-REDFACE-2017-300x159.jpg 300w\" sizes=\"(max-width: 670px) 100vw, 670px\" \/><\/a><\/p>\n<p>&nbsp;<\/p>\n","protected":false},"excerpt":{"rendered":"<p>El pasado viernes tuvo lugar en nuestra Facultad,\u00a0el Encuentro de\u00a0Decanos de las Facultades o Unidades Acad\u00e9micas Equivalentes con carreras en Ciencias Econ\u00f3micas de las Universidades Nacionales pertenecientes a la Regi\u00f3n del Norte Argentino. En esta\u00a0jornada qued\u00f3 constituida\u00a0la\u00a0Red de Facultades de Ciencias Econ\u00f3micas del Norte Argentino \u2013 REDFACE, organizaci\u00f3n que tiene como\u00a0fin: Establecer y estrechar v\u00ednculos [&hellip;]<\/p>\n","protected":false},"author":3,"featured_media":5361,"comment_status":"open","ping_status":"open","sticky":false,"template":"","format":"standard","meta":{"_et_pb_use_builder":"","_et_pb_old_content":"","_et_gb_content_width":"","footnotes":""},"categories":[4],"tags":[],"_links":{"self":[{"href":"https:\/\/face.unt.edu.ar\/web\/wp-json\/wp\/v2\/posts\/5359"}],"collection":[{"href":"https:\/\/face.unt.edu.ar\/web\/wp-json\/wp\/v2\/posts"}],"about":[{"href":"https:\/\/face.unt.edu.ar\/web\/wp-json\/wp\/v2\/types\/post"}],"author":[{"embeddable":true,"href":"https:\/\/face.unt.edu.ar\/web\/wp-json\/wp\/v2\/users\/3"}],"replies":[{"embeddable":true,"href":"https:\/\/face.unt.edu.ar\/web\/wp-json\/wp\/v2\/comments?post=5359"}],"version-history":[{"count":5,"href":"https:\/\/face.unt.edu.ar\/web\/wp-json\/wp\/v2\/posts\/5359\/revisions"}],"predecessor-version":[{"id":5373,"href":"https:\/\/face.unt.edu.ar\/web\/wp-json\/wp\/v2\/posts\/5359\/revisions\/5373"}],"wp:featuredmedia":[{"embeddable":true,"href":"https:\/\/face.unt.edu.ar\/web\/wp-json\/wp\/v2\/media\/5361"}],"wp:attachment":[{"href":"https:\/\/face.unt.edu.ar\/web\/wp-json\/wp\/v2\/media?parent=5359"}],"wp:term":[{"taxonomy":"category","embeddable":true,"href":"https:\/\/face.unt.edu.ar\/web\/wp-json\/wp\/v2\/categories?post=5359"},{"taxonomy":"post_tag","embeddable":true,"href":"https:\/\/face.unt.edu.ar\/web\/wp-json\/wp\/v2\/tags?post=5359"}],"curies":[{"name":"wp","href":"https:\/\/api.w.org\/{rel}","templated":true}]}}