{"id":5381,"date":"2017-06-08T01:58:39","date_gmt":"2017-06-08T01:58:39","guid":{"rendered":"http:\/\/face.unt.edu.ar\/web\/?p=5381"},"modified":"2017-06-08T16:14:00","modified_gmt":"2017-06-08T16:14:00","slug":"xiii-jornada-tributaria","status":"publish","type":"post","link":"https:\/\/face.unt.edu.ar\/web\/blog\/xiii-jornada-tributaria\/","title":{"rendered":"XXII Jornada Tributaria"},"content":{"rendered":"<p>Este<strong> viernes 09 de Junio<\/strong>, se desarrollar\u00e1 la <strong>XXII Jornada Tributaria<\/strong>, organizada por la carrera de Posgrado Especializaci\u00f3n en Tributaci\u00f3n, que se dicta en nuestra Facultad. En este caso las disertaciones tendr\u00e1n como tem\u00e1tica central la \u201cActualidad Tributaria\u201d.<\/p>\n<p>Se trata de una actividad que, si bien se realiza cada a\u00f1o, esta edici\u00f3n ser\u00e1 especial enmarcarse dentro del 25 aniversario del Posgrado y el 70 aniversario de la Facultad.<\/p>\n<p>Los disertantes que estar\u00e1n en esta oportunidad son:<\/p>\n<ul>\n<li>El <strong>Prof.<\/strong> <strong> Rafael Ramognino<\/strong>,de la UBA, que tendr\u00e1 a su cargo la charla sobre \u201cImpuestos Nacionales\u201d.<\/li>\n<\/ul>\n<ul>\n<li>El <strong> Dr. Antonio Daniel Altoni<\/strong>, funcionario de la Direcci\u00f3n General de Rentas de la provincia, que expondr\u00e1 sobre \u201cCuestiones procedimentales con el Convenio Multilateral\u201d.<\/li>\n<\/ul>\n<ul>\n<li>El <strong> Dr. Esteban Jos\u00e9 Castillo<\/strong>, funcionario de AFIP, que tratar\u00e1 en tema \u201cAspectos Relacionados con el Estado Administrativo de la CUIT\/SIPER\/Reducci\u00f3n de Anticipos.<\/li>\n<\/ul>\n<p>El programa de la jornda prev\u00e9 que se inicie a la ma\u00f1ana, a partir de las 09:00 hasta las 13:00, y contin\u00fae desde las 15:00 hasta las 19:00 horas, <strong>en el Colegio de Graduados en Ciencias Econ\u00f3micas de Tucum\u00e1n, 24 de Septiembre 776 \u2013 San Miguel de Tucum\u00e1n.<\/strong><\/p>\n<p>Posteriormente se realizar\u00e1 un Acto en conmemoraci\u00f3n de los 25 a\u00f1os del Posgrado Especializaci\u00f3n en Tributaci\u00f3n, en el cual se har\u00e1 entrega de diplomas a los egresados destacados.<\/p>\n<p>Por informes e inscripciones los interesados pueden dirigirse a la Facultad de Ceincias Econ\u00f3micas de la UNT, ubicada en Av. Independencia 1.900 \u2013 oficina 90, edificio de posgrados, en el horario de 08:30 a 13:00 horas. Tambi\u00e9n pueden comunicarse por tel\u00e9fono al 4107547 o al (381) 154881733. V\u00eda e-mail pueden hacerlo enviando un correo a <a href=\"mailto:postributaci\u00f3n@gmail.com\">postributacion@gmail.com<\/a><\/p>\n<p>Adem\u00e1s pueden consultar el Sitio Web <a href=\"http:\/\/www.postributaci\u00f3n.com.ar\">www.postributacion.com.ar<\/a><\/p>\n<p><strong>\u00a0<\/strong><\/p>\n<p><strong>Los costos se detallan a continuaci\u00f3n:<\/strong><\/p>\n<p><strong><br \/>\n<\/strong>\u2013 Alumnos Posgrado: $ 300<br \/>\n\u2013 Socios del Colegio de Graduados: $ 300<br \/>\n\u2013 Ex-Alumnos posgrado: $ 350<br \/>\n\u2013 P\u00fablico en General: $ 400<\/p>\n<p>&nbsp;<\/p>\n<p><a href=\"http:\/\/face.unt.edu.ar\/web\/wp-content\/uploads\/2017\/06\/JT-FOLLETO-2017.jpg\"><img decoding=\"async\" loading=\"lazy\" class=\"alignnone size-medium wp-image-5376\" src=\"http:\/\/face.unt.edu.ar\/web\/wp-content\/uploads\/2017\/06\/JT-FOLLETO-2017-213x300.jpg\" alt=\"JT-FOLLETO-2017\" width=\"213\" height=\"300\" srcset=\"https:\/\/face.unt.edu.ar\/web\/wp-content\/uploads\/2017\/06\/JT-FOLLETO-2017-213x300.jpg 213w, https:\/\/face.unt.edu.ar\/web\/wp-content\/uploads\/2017\/06\/JT-FOLLETO-2017.jpg 597w\" sizes=\"(max-width: 213px) 100vw, 213px\" \/><\/a><\/p>\n<p>&nbsp;<\/p>\n","protected":false},"excerpt":{"rendered":"<p>Este viernes 09 de Junio, se desarrollar\u00e1 la XXII Jornada Tributaria, organizada por la carrera de Posgrado Especializaci\u00f3n en Tributaci\u00f3n, que se dicta en nuestra Facultad. En este caso las disertaciones tendr\u00e1n como tem\u00e1tica central la \u201cActualidad Tributaria\u201d. Se trata de una actividad que, si bien se realiza cada a\u00f1o, esta edici\u00f3n ser\u00e1 especial enmarcarse [&hellip;]<\/p>\n","protected":false},"author":2,"featured_media":5377,"comment_status":"open","ping_status":"open","sticky":false,"template":"","format":"standard","meta":{"_et_pb_use_builder":"","_et_pb_old_content":"","_et_gb_content_width":"","footnotes":""},"categories":[4],"tags":[],"_links":{"self":[{"href":"https:\/\/face.unt.edu.ar\/web\/wp-json\/wp\/v2\/posts\/5381"}],"collection":[{"href":"https:\/\/face.unt.edu.ar\/web\/wp-json\/wp\/v2\/posts"}],"about":[{"href":"https:\/\/face.unt.edu.ar\/web\/wp-json\/wp\/v2\/types\/post"}],"author":[{"embeddable":true,"href":"https:\/\/face.unt.edu.ar\/web\/wp-json\/wp\/v2\/users\/2"}],"replies":[{"embeddable":true,"href":"https:\/\/face.unt.edu.ar\/web\/wp-json\/wp\/v2\/comments?post=5381"}],"version-history":[{"count":5,"href":"https:\/\/face.unt.edu.ar\/web\/wp-json\/wp\/v2\/posts\/5381\/revisions"}],"predecessor-version":[{"id":5392,"href":"https:\/\/face.unt.edu.ar\/web\/wp-json\/wp\/v2\/posts\/5381\/revisions\/5392"}],"wp:featuredmedia":[{"embeddable":true,"href":"https:\/\/face.unt.edu.ar\/web\/wp-json\/wp\/v2\/media\/5377"}],"wp:attachment":[{"href":"https:\/\/face.unt.edu.ar\/web\/wp-json\/wp\/v2\/media?parent=5381"}],"wp:term":[{"taxonomy":"category","embeddable":true,"href":"https:\/\/face.unt.edu.ar\/web\/wp-json\/wp\/v2\/categories?post=5381"},{"taxonomy":"post_tag","embeddable":true,"href":"https:\/\/face.unt.edu.ar\/web\/wp-json\/wp\/v2\/tags?post=5381"}],"curies":[{"name":"wp","href":"https:\/\/api.w.org\/{rel}","templated":true}]}}