{"id":5386,"date":"2017-06-08T13:07:27","date_gmt":"2017-06-08T13:07:27","guid":{"rendered":"http:\/\/face.unt.edu.ar\/web\/?p=5386"},"modified":"2017-06-08T13:59:24","modified_gmt":"2017-06-08T13:59:24","slug":"la-banda-sinfonica-de-la-provincia-actuara-en-la-facet","status":"publish","type":"post","link":"https:\/\/face.unt.edu.ar\/web\/blog\/la-banda-sinfonica-de-la-provincia-actuara-en-la-facet\/","title":{"rendered":"La Banda Sinf\u00f3nica de la Provincia actuar\u00e1 en la FACET"},"content":{"rendered":"<p>La Facultad de Ciencias Exactas de La Universidad Nacional de Tucum\u00e1n, hace extensiva la invitaci\u00f3n a toda la comunidad a la\u00a0 presentaci\u00f3n musical de la Banda Sinf\u00f3nica de la Provincia que tendr\u00e1 lugar\u00a0 hoy jueves 8 de Junio\u00a0 a las 12 horas en el block 2 de la mencionada Unidad Academica.<br \/>\nLa actuaci\u00f3n se realiza en el marco de la \u00abSemana de la ingenier\u00eda\u00bb y es de entrada libre y gratuita<\/p>\n","protected":false},"excerpt":{"rendered":"<p>La Facultad de Ciencias Exactas de La Universidad Nacional de Tucum\u00e1n, hace extensiva la invitaci\u00f3n a toda la comunidad a la\u00a0 presentaci\u00f3n musical de la Banda Sinf\u00f3nica de la Provincia que tendr\u00e1 lugar\u00a0 hoy jueves 8 de Junio\u00a0 a las 12 horas en el block 2 de la mencionada Unidad Academica. La actuaci\u00f3n se realiza [&hellip;]<\/p>\n","protected":false},"author":3,"featured_media":5389,"comment_status":"open","ping_status":"open","sticky":false,"template":"","format":"standard","meta":{"_et_pb_use_builder":"","_et_pb_old_content":"","_et_gb_content_width":"","footnotes":""},"categories":[4],"tags":[],"_links":{"self":[{"href":"https:\/\/face.unt.edu.ar\/web\/wp-json\/wp\/v2\/posts\/5386"}],"collection":[{"href":"https:\/\/face.unt.edu.ar\/web\/wp-json\/wp\/v2\/posts"}],"about":[{"href":"https:\/\/face.unt.edu.ar\/web\/wp-json\/wp\/v2\/types\/post"}],"author":[{"embeddable":true,"href":"https:\/\/face.unt.edu.ar\/web\/wp-json\/wp\/v2\/users\/3"}],"replies":[{"embeddable":true,"href":"https:\/\/face.unt.edu.ar\/web\/wp-json\/wp\/v2\/comments?post=5386"}],"version-history":[{"count":2,"href":"https:\/\/face.unt.edu.ar\/web\/wp-json\/wp\/v2\/posts\/5386\/revisions"}],"predecessor-version":[{"id":5390,"href":"https:\/\/face.unt.edu.ar\/web\/wp-json\/wp\/v2\/posts\/5386\/revisions\/5390"}],"wp:featuredmedia":[{"embeddable":true,"href":"https:\/\/face.unt.edu.ar\/web\/wp-json\/wp\/v2\/media\/5389"}],"wp:attachment":[{"href":"https:\/\/face.unt.edu.ar\/web\/wp-json\/wp\/v2\/media?parent=5386"}],"wp:term":[{"taxonomy":"category","embeddable":true,"href":"https:\/\/face.unt.edu.ar\/web\/wp-json\/wp\/v2\/categories?post=5386"},{"taxonomy":"post_tag","embeddable":true,"href":"https:\/\/face.unt.edu.ar\/web\/wp-json\/wp\/v2\/tags?post=5386"}],"curies":[{"name":"wp","href":"https:\/\/api.w.org\/{rel}","templated":true}]}}