{"id":5424,"date":"2017-06-14T12:27:34","date_gmt":"2017-06-14T12:27:34","guid":{"rendered":"http:\/\/face.unt.edu.ar\/web\/?p=5424"},"modified":"2017-06-14T15:39:59","modified_gmt":"2017-06-14T15:39:59","slug":"se-realiza-una-nueva-edicion-de-la-jornada-conoce-economicas","status":"publish","type":"post","link":"https:\/\/face.unt.edu.ar\/web\/blog\/se-realiza-una-nueva-edicion-de-la-jornada-conoce-economicas\/","title":{"rendered":"Se realiza una nueva edici\u00f3n de la Jornada \u201cConoc\u00e9 Econ\u00f3micas\u201d"},"content":{"rendered":"<p><strong>Ser\u00e1 el 22 de Junio en nuestra Facultad.<\/strong> Est\u00e1 destinada principalmente, a estudiantes del nivel medio. Se trata de una actividad realizada con el fin de informar a los estudiantes del \u00faltimo a\u00f1o de secundaria, sobre la oferta acad\u00e9mica de la Facultad. Habr\u00e1 charlas sobre las carreras que se dictan en nuestra Casa, experiencias de profesionales egresados de la Facultad, visitas guiadas por el edificio y stands de las materias e Institutos de esta Unidad Acad\u00e9mica.<\/p>\n<p>\u201cDesde la Facultad de Ciencias Econ\u00f3micas de la UNT somos conscientes de la dificultad que representa, para el alumno, la decisi\u00f3n sobre su formaci\u00f3n en un nivel de educaci\u00f3n superior, y que adem\u00e1s existe, entre ellos, un desconocimiento sobre el campo laboral de las tres carreras que ofrecemos. Por lo cual nos parece sumamente importante dar a conocer cu\u00e1l es el perfil de nuestros egresados\u201d, coment\u00f3 el lic. Luis P\u00e9rez Vides, Secretario de Bienestar Estudiantil de la Facultad.<\/p>\n<p>El programa de actividades de la Jornada contempla:<\/p>\n<ol>\n<li>Bienvenida a cargo de las Autoridades de la Facultad de Ciencias Econ\u00f3micas.<\/li>\n<li>Charlas sobre la oferta acad\u00e9mica de nuestra Facultad (perfil, plan de estudios y metodolog\u00edas de trabajo en cada carrera), a cargo del equipo del Sistema de Tutor\u00edas de la Facultad de Ciencias Econ\u00f3micas.<\/li>\n<li>Charlas de egresados de las diferentes carreras, quienes cuentan su experiencia como alumnos y su inserci\u00f3n en el mercado laboral como profesionales.<\/li>\n<li>Informaci\u00f3n sobre el sistema de ingreso a la Instituci\u00f3n, a cargo del equipo de Camino a la Universidad de la Facultad de Ciencias Econ\u00f3micas.<\/li>\n<li>Visitas guiadas por las instalaciones de la Facultad.<\/li>\n<li>Stands de las diferentes materias e Institutos que componen la Facultad.<\/li>\n<\/ol>\n<p>Las Instituciones Educativas que deseen participar de la misma, deber\u00e1n inscribirse <a href=\"https:\/\/docs.google.com\/a\/face.unt.edu.ar\/forms\/d\/e\/1FAIpQLSd-Roe89YnmZdjJgXq0O1Ytm66T7Kj4T-QEJG96N2ni6tuVSg\/viewform?c=0&amp;w=1\" target=\"_blank\">haciendo click aqu\u00ed<\/a>\u00a0<a href=\"https:\/\/docs.google.com\/a\/face.unt.edu.ar\/forms\/d\/e\/1FAIpQLSd-Roe89YnmZdjJgXq0O1Ytm66T7Kj4T-QEJG96N2ni6tuVSg\/viewform?c=0&amp;w=1\" target=\"_blank\">&#8211; Formulario de Inscripci\u00f3n<\/a><\/p>\n<p><strong>Para mayor informaci\u00f3n, se encuentran a disposici\u00f3n los siguientes medios de contacto de la Secretar\u00eda de Bienestar Estudiantil de la Facultad de Ciencias Econ\u00f3micas:<\/strong><\/p>\n<ul>\n<li><strong>Tel\u00e9fono<\/strong>: 0381-4107562<\/li>\n<li><strong>Mail<\/strong>: sbe@face.unt.edu.ar o bien lfperezvides@face.unt.edu.ar<\/li>\n<li><strong>Facebook<\/strong>:\u00a0<a href=\"https:\/\/www.facebook.com\/sbe.face\/\">Secretaria de Bienestar Estudiantil FACE UNT<\/a><\/li>\n<\/ul>\n<p>&nbsp;<\/p>\n","protected":false},"excerpt":{"rendered":"<p>Ser\u00e1 el 22 de Junio en nuestra Facultad. Est\u00e1 destinada principalmente, a estudiantes del nivel medio. Se trata de una actividad realizada con el fin de informar a los estudiantes del \u00faltimo a\u00f1o de secundaria, sobre la oferta acad\u00e9mica de la Facultad. Habr\u00e1 charlas sobre las carreras que se dictan en nuestra Casa, experiencias de [&hellip;]<\/p>\n","protected":false},"author":2,"featured_media":5425,"comment_status":"open","ping_status":"open","sticky":false,"template":"","format":"standard","meta":{"_et_pb_use_builder":"","_et_pb_old_content":"","_et_gb_content_width":"","footnotes":""},"categories":[4],"tags":[],"_links":{"self":[{"href":"https:\/\/face.unt.edu.ar\/web\/wp-json\/wp\/v2\/posts\/5424"}],"collection":[{"href":"https:\/\/face.unt.edu.ar\/web\/wp-json\/wp\/v2\/posts"}],"about":[{"href":"https:\/\/face.unt.edu.ar\/web\/wp-json\/wp\/v2\/types\/post"}],"author":[{"embeddable":true,"href":"https:\/\/face.unt.edu.ar\/web\/wp-json\/wp\/v2\/users\/2"}],"replies":[{"embeddable":true,"href":"https:\/\/face.unt.edu.ar\/web\/wp-json\/wp\/v2\/comments?post=5424"}],"version-history":[{"count":3,"href":"https:\/\/face.unt.edu.ar\/web\/wp-json\/wp\/v2\/posts\/5424\/revisions"}],"predecessor-version":[{"id":5435,"href":"https:\/\/face.unt.edu.ar\/web\/wp-json\/wp\/v2\/posts\/5424\/revisions\/5435"}],"wp:featuredmedia":[{"embeddable":true,"href":"https:\/\/face.unt.edu.ar\/web\/wp-json\/wp\/v2\/media\/5425"}],"wp:attachment":[{"href":"https:\/\/face.unt.edu.ar\/web\/wp-json\/wp\/v2\/media?parent=5424"}],"wp:term":[{"taxonomy":"category","embeddable":true,"href":"https:\/\/face.unt.edu.ar\/web\/wp-json\/wp\/v2\/categories?post=5424"},{"taxonomy":"post_tag","embeddable":true,"href":"https:\/\/face.unt.edu.ar\/web\/wp-json\/wp\/v2\/tags?post=5424"}],"curies":[{"name":"wp","href":"https:\/\/api.w.org\/{rel}","templated":true}]}}