{"id":5440,"date":"2017-06-17T18:49:14","date_gmt":"2017-06-17T18:49:14","guid":{"rendered":"http:\/\/face.unt.edu.ar\/web\/?p=5440"},"modified":"2017-06-17T18:50:03","modified_gmt":"2017-06-17T18:50:03","slug":"7mas-jornadas-regionales-de-contabilidad-y-auditoria-2017","status":"publish","type":"post","link":"https:\/\/face.unt.edu.ar\/web\/blog\/7mas-jornadas-regionales-de-contabilidad-y-auditoria-2017\/","title":{"rendered":"7mas Jornadas Regionales de Contabilidad y Auditor\u00eda 2017"},"content":{"rendered":"<p>Teniendo como premisa fundamental que \u201cla capacitaci\u00f3n es la base del desarrollo personal y profesional\u201d, el <strong>Colegio de Graduados en Ciencias Econ\u00f3micas<\/strong> organiz\u00f3 estas <strong>7mas Jornadas Regionales de Contabilidad y Auditor\u00eda 2017<\/strong>.<\/p>\n<p>Se realizar\u00e1n el <strong>22 y 23 de Junio <\/strong>en el Sal\u00f3n de Actos de la Sede Central del Colegio, ubicada en 24 de Septiembre 776 \u2013 San Miguel de Tucum\u00e1n.<\/p>\n<p>Durante estos dos d\u00edas se desarrollaran conceptos relcionados a \u201clas \u00faltimas novedades en Contabilidad y Auditor\u00eda, con los expertos m\u00e1s reconocidos del pa\u00eds\u201d.<\/p>\n<p>Entre los disertantes de las Jornadas, se destaca la presencia de el Cr. Cayetano Mora de la Provincia de Buenos Aires; Rodrigo Danessa, Funcionario del Banco Central de la Rep\u00fablica Argentina; la Cra. Griselta Ana Pati\u00f1o de CABA; el Cr. Hern\u00e1n Pablo Casinelli de CABA; la Cra. C\u00e1rmen Stella Ver\u00f3n de Rosario \u2013 Santa F\u00e9; el Cr. Jorge Hugo Santesteban Hunter de CABA y el Cr. Jorge Jos\u00e9 Gil de Mendoza; entre destacados profesionales de Tucum\u00e1n, como el Cr. Jos\u00e9 Luis Romero; el Cr. Luis Antonio Godoy y el Cr. Dante Orlando Malica.<\/p>\n<p>Las inscripciones se realizan a trav\u00e9s del Sistema de Autogesti\u00f3n, sin cargo para matriculados con la cuota al d\u00eda. <strong>Los cupos son limitados<\/strong>.<\/p>\n<p>Por m\u00e1s informaci\u00f3n pueden recurrir a la Sede Central del Colegio de Graduados en Ciencias Econ\u00f3micas, en 24 de Septiembre 776 \u2013 San Miguel de Tucum\u00e1n. Tambi\u00e9n pueden comunicarse a los tel\u00e9fonos (381) 4226686 o (381) 4216295.<\/p>\n<p>Consultar el <a href=\"https:\/\/drive.google.com\/file\/d\/0BwZE7DzLP04YRXNadXRzQzFNVmM\/view?usp=sharing\" target=\"_blank\">Programa de Actividades haciendo click aqu\u00ed<\/a><\/p>\n<p><a href=\"http:\/\/face.unt.edu.ar\/web\/wp-content\/uploads\/2017\/06\/IMG-20170617-WA0003.jpg\"><img decoding=\"async\" loading=\"lazy\" class=\"alignnone size-medium wp-image-5441\" src=\"http:\/\/face.unt.edu.ar\/web\/wp-content\/uploads\/2017\/06\/IMG-20170617-WA0003-213x300.jpg\" alt=\"IMG-20170617-WA0003\" width=\"213\" height=\"300\" srcset=\"https:\/\/face.unt.edu.ar\/web\/wp-content\/uploads\/2017\/06\/IMG-20170617-WA0003-213x300.jpg 213w, https:\/\/face.unt.edu.ar\/web\/wp-content\/uploads\/2017\/06\/IMG-20170617-WA0003-768x1084.jpg 768w, https:\/\/face.unt.edu.ar\/web\/wp-content\/uploads\/2017\/06\/IMG-20170617-WA0003-726x1024.jpg 726w, https:\/\/face.unt.edu.ar\/web\/wp-content\/uploads\/2017\/06\/IMG-20170617-WA0003.jpg 907w\" sizes=\"(max-width: 213px) 100vw, 213px\" \/><\/a><\/p>\n","protected":false},"excerpt":{"rendered":"<p>Teniendo como premisa fundamental que \u201cla capacitaci\u00f3n es la base del desarrollo personal y profesional\u201d, el Colegio de Graduados en Ciencias Econ\u00f3micas organiz\u00f3 estas 7mas Jornadas Regionales de Contabilidad y Auditor\u00eda 2017. Se realizar\u00e1n el 22 y 23 de Junio en el Sal\u00f3n de Actos de la Sede Central del Colegio, ubicada en 24 de [&hellip;]<\/p>\n","protected":false},"author":2,"featured_media":5442,"comment_status":"open","ping_status":"open","sticky":false,"template":"","format":"standard","meta":{"_et_pb_use_builder":"","_et_pb_old_content":"","_et_gb_content_width":"","footnotes":""},"categories":[4],"tags":[],"_links":{"self":[{"href":"https:\/\/face.unt.edu.ar\/web\/wp-json\/wp\/v2\/posts\/5440"}],"collection":[{"href":"https:\/\/face.unt.edu.ar\/web\/wp-json\/wp\/v2\/posts"}],"about":[{"href":"https:\/\/face.unt.edu.ar\/web\/wp-json\/wp\/v2\/types\/post"}],"author":[{"embeddable":true,"href":"https:\/\/face.unt.edu.ar\/web\/wp-json\/wp\/v2\/users\/2"}],"replies":[{"embeddable":true,"href":"https:\/\/face.unt.edu.ar\/web\/wp-json\/wp\/v2\/comments?post=5440"}],"version-history":[{"count":1,"href":"https:\/\/face.unt.edu.ar\/web\/wp-json\/wp\/v2\/posts\/5440\/revisions"}],"predecessor-version":[{"id":5443,"href":"https:\/\/face.unt.edu.ar\/web\/wp-json\/wp\/v2\/posts\/5440\/revisions\/5443"}],"wp:featuredmedia":[{"embeddable":true,"href":"https:\/\/face.unt.edu.ar\/web\/wp-json\/wp\/v2\/media\/5442"}],"wp:attachment":[{"href":"https:\/\/face.unt.edu.ar\/web\/wp-json\/wp\/v2\/media?parent=5440"}],"wp:term":[{"taxonomy":"category","embeddable":true,"href":"https:\/\/face.unt.edu.ar\/web\/wp-json\/wp\/v2\/categories?post=5440"},{"taxonomy":"post_tag","embeddable":true,"href":"https:\/\/face.unt.edu.ar\/web\/wp-json\/wp\/v2\/tags?post=5440"}],"curies":[{"name":"wp","href":"https:\/\/api.w.org\/{rel}","templated":true}]}}