{"id":5444,"date":"2017-06-19T01:49:07","date_gmt":"2017-06-19T01:49:07","guid":{"rendered":"http:\/\/face.unt.edu.ar\/web\/?p=5444"},"modified":"2017-06-21T00:48:25","modified_gmt":"2017-06-21T00:48:25","slug":"taller-de-derecho-previsional-para-docentes","status":"publish","type":"post","link":"https:\/\/face.unt.edu.ar\/web\/blog\/taller-de-derecho-previsional-para-docentes\/","title":{"rendered":"Taller de Derecho Previsional para Docentes"},"content":{"rendered":"<p>Este mi\u00e9rcoles 21 de Junio, se realizar\u00e1 en nuestra Facultad, el <strong>Taller de Derecho Previsional <\/strong>para Docentes e investigadores, el cual estar\u00e1 a cargo de la <strong>Dra. Mar\u00eda In\u00e9s Salvatierra<\/strong>.<\/p>\n<p>Se tratar\u00e1n temas relacionados al R\u00e9gimen Jubilatorio para Docentes, Jubilaciones Combinadas y Sistema Previsional.<\/p>\n<p>La charla est\u00e1 orientada no solo a docentes que est\u00e1n en edad jubilatoria, sino a todo el personal docente, con el fin de que puedan adecuar sus aportes de acuerdo a sus posibilidades y conveniencias, de manera que sea posible obtener la mejor jubilaci\u00f3n llegado el momento.<\/p>\n<p>&nbsp;<\/p>\n<p><a href=\"http:\/\/face.unt.edu.ar\/web\/wp-content\/uploads\/2017\/06\/IMG-20170619-WA0014-e1498005789308.jpg\"><img decoding=\"async\" loading=\"lazy\" class=\"size-full wp-image-5462 aligncenter\" src=\"http:\/\/face.unt.edu.ar\/web\/wp-content\/uploads\/2017\/06\/IMG-20170619-WA0014-e1498005789308.jpg\" alt=\"IMG-20170619-WA0014\" width=\"670\" height=\"867\" \/><\/a><\/p>\n","protected":false},"excerpt":{"rendered":"<p>Este mi\u00e9rcoles 21 de Junio, se realizar\u00e1 en nuestra Facultad, el Taller de Derecho Previsional para Docentes e investigadores, el cual estar\u00e1 a cargo de la Dra. Mar\u00eda In\u00e9s Salvatierra. Se tratar\u00e1n temas relacionados al R\u00e9gimen Jubilatorio para Docentes, Jubilaciones Combinadas y Sistema Previsional. La charla est\u00e1 orientada no solo a docentes que est\u00e1n en [&hellip;]<\/p>\n","protected":false},"author":2,"featured_media":5460,"comment_status":"open","ping_status":"open","sticky":false,"template":"","format":"standard","meta":{"_et_pb_use_builder":"","_et_pb_old_content":"","_et_gb_content_width":"","footnotes":""},"categories":[4],"tags":[],"_links":{"self":[{"href":"https:\/\/face.unt.edu.ar\/web\/wp-json\/wp\/v2\/posts\/5444"}],"collection":[{"href":"https:\/\/face.unt.edu.ar\/web\/wp-json\/wp\/v2\/posts"}],"about":[{"href":"https:\/\/face.unt.edu.ar\/web\/wp-json\/wp\/v2\/types\/post"}],"author":[{"embeddable":true,"href":"https:\/\/face.unt.edu.ar\/web\/wp-json\/wp\/v2\/users\/2"}],"replies":[{"embeddable":true,"href":"https:\/\/face.unt.edu.ar\/web\/wp-json\/wp\/v2\/comments?post=5444"}],"version-history":[{"count":4,"href":"https:\/\/face.unt.edu.ar\/web\/wp-json\/wp\/v2\/posts\/5444\/revisions"}],"predecessor-version":[{"id":5463,"href":"https:\/\/face.unt.edu.ar\/web\/wp-json\/wp\/v2\/posts\/5444\/revisions\/5463"}],"wp:featuredmedia":[{"embeddable":true,"href":"https:\/\/face.unt.edu.ar\/web\/wp-json\/wp\/v2\/media\/5460"}],"wp:attachment":[{"href":"https:\/\/face.unt.edu.ar\/web\/wp-json\/wp\/v2\/media?parent=5444"}],"wp:term":[{"taxonomy":"category","embeddable":true,"href":"https:\/\/face.unt.edu.ar\/web\/wp-json\/wp\/v2\/categories?post=5444"},{"taxonomy":"post_tag","embeddable":true,"href":"https:\/\/face.unt.edu.ar\/web\/wp-json\/wp\/v2\/tags?post=5444"}],"curies":[{"name":"wp","href":"https:\/\/api.w.org\/{rel}","templated":true}]}}