{"id":5456,"date":"2017-06-19T23:42:59","date_gmt":"2017-06-19T23:42:59","guid":{"rendered":"http:\/\/face.unt.edu.ar\/web\/?p=5456"},"modified":"2017-06-19T23:42:59","modified_gmt":"2017-06-19T23:42:59","slug":"se-establecieron-las-fechas-para-las-mesas-de-examenes-de-julio-2017","status":"publish","type":"post","link":"https:\/\/face.unt.edu.ar\/web\/blog\/se-establecieron-las-fechas-para-las-mesas-de-examenes-de-julio-2017\/","title":{"rendered":"Se establecieron las fechas para las mesas de ex\u00e1menes de Julio 2017"},"content":{"rendered":"<p style=\"text-align: justify\">La Facultad de Ciencias Econ\u00f3micas de la Universidad Nacional de Tucum\u00e1n da a conocer las fechas en que tendr\u00e1n lugar las\u00a0<strong>Mesas de Ex\u00e1menes de Julio 2017.<\/strong><\/p>\n<p style=\"text-align: justify\">Seg\u00fan lo establecido por la <strong>Resoluci\u00f3n 331-D-17<\/strong>, el <strong>Primer llamado<\/strong> correspondiente a los ex\u00e1menes de Julio 2017, para las carreras de Contador P\u00fablico Nacional, Licenciado en Econom\u00eda y Licenciado en Administraci\u00f3n; se desarrollar\u00e1n los d\u00edas\u00a0<strong>3, 4, 5, 6 y 7 de Julio.<\/strong><\/p>\n<p style=\"text-align: justify\">Por otro lado, el\u00a0<strong>Segundo llamado<\/strong>\u00a0correspondiente a los ex\u00e1menes de Julio 2017, para las carreras de Contador P\u00fablico Nacional, Licenciado en Econom\u00eda y Licenciado en Administraci\u00f3n; tendr\u00e1 lugar los d\u00edas\u00a0<strong>31 de Julio, 1, 2, 3 y 4 de Agosto<\/strong>.<\/p>\n<p style=\"text-align: justify\">Se adjunta la Resoluci\u00f3n, antes mencionada, donde se detallan los tribunales examinadores en cada asignatura, con fecha y horario correspondiente.<\/p>\n<p style=\"text-align: justify\">Descargar resoluciones del siguiente link:\u00a0<span style=\"color: #0000ff\"><a style=\"color: #0000ff\" href=\"https:\/\/www.dropbox.com\/s\/f63spn211yui6ah\/331%20D%2017-Examenes%20Julio-2017.pdf?dl=0\"><strong>Resoluci\u00f3n 331-D-17<\/strong><\/a><\/span><\/p>\n<p style=\"margin: 0cm;margin-bottom: .0001pt;background: white\"><span style=\"font-size: 10.0pt;font-family: 'Arial','sans-serif';color: #262626;letter-spacing: .25pt\">\u00a0<\/span><\/p>\n","protected":false},"excerpt":{"rendered":"<p>La Facultad de Ciencias Econ\u00f3micas de la Universidad Nacional de Tucum\u00e1n da a conocer las fechas en que tendr\u00e1n lugar las\u00a0Mesas de Ex\u00e1menes de Julio 2017. Seg\u00fan lo establecido por la Resoluci\u00f3n 331-D-17, el Primer llamado correspondiente a los ex\u00e1menes de Julio 2017, para las carreras de Contador P\u00fablico Nacional, Licenciado en Econom\u00eda y Licenciado [&hellip;]<\/p>\n","protected":false},"author":3,"featured_media":3987,"comment_status":"open","ping_status":"open","sticky":false,"template":"","format":"standard","meta":{"_et_pb_use_builder":"","_et_pb_old_content":"","_et_gb_content_width":"","footnotes":""},"categories":[4],"tags":[],"_links":{"self":[{"href":"https:\/\/face.unt.edu.ar\/web\/wp-json\/wp\/v2\/posts\/5456"}],"collection":[{"href":"https:\/\/face.unt.edu.ar\/web\/wp-json\/wp\/v2\/posts"}],"about":[{"href":"https:\/\/face.unt.edu.ar\/web\/wp-json\/wp\/v2\/types\/post"}],"author":[{"embeddable":true,"href":"https:\/\/face.unt.edu.ar\/web\/wp-json\/wp\/v2\/users\/3"}],"replies":[{"embeddable":true,"href":"https:\/\/face.unt.edu.ar\/web\/wp-json\/wp\/v2\/comments?post=5456"}],"version-history":[{"count":1,"href":"https:\/\/face.unt.edu.ar\/web\/wp-json\/wp\/v2\/posts\/5456\/revisions"}],"predecessor-version":[{"id":5457,"href":"https:\/\/face.unt.edu.ar\/web\/wp-json\/wp\/v2\/posts\/5456\/revisions\/5457"}],"wp:featuredmedia":[{"embeddable":true,"href":"https:\/\/face.unt.edu.ar\/web\/wp-json\/wp\/v2\/media\/3987"}],"wp:attachment":[{"href":"https:\/\/face.unt.edu.ar\/web\/wp-json\/wp\/v2\/media?parent=5456"}],"wp:term":[{"taxonomy":"category","embeddable":true,"href":"https:\/\/face.unt.edu.ar\/web\/wp-json\/wp\/v2\/categories?post=5456"},{"taxonomy":"post_tag","embeddable":true,"href":"https:\/\/face.unt.edu.ar\/web\/wp-json\/wp\/v2\/tags?post=5456"}],"curies":[{"name":"wp","href":"https:\/\/api.w.org\/{rel}","templated":true}]}}