{"id":5501,"date":"2017-06-26T16:48:50","date_gmt":"2017-06-26T16:48:50","guid":{"rendered":"http:\/\/face.unt.edu.ar\/web\/?p=5501"},"modified":"2017-06-26T16:48:50","modified_gmt":"2017-06-26T16:48:50","slug":"la-prueba-de-suficiencia-tercera-instancia-sera-el-28-de-junio-2017","status":"publish","type":"post","link":"https:\/\/face.unt.edu.ar\/web\/blog\/la-prueba-de-suficiencia-tercera-instancia-sera-el-28-de-junio-2017\/","title":{"rendered":"La Prueba de Suficiencia \u2013 Tercera Instancia ser\u00e1 el 28 de Junio 2017"},"content":{"rendered":"<p>Desde la Facultad de Ciencias Econ\u00f3micas\u00a0queremos informar que se reprogram\u00f3 de la Prueba de Suficiencia \u2013 Tercera Instancia para el mi\u00e9rcoles 28 de Junio, debido a que la Universidad Nacional de Tucum\u00e1n decidi\u00f3 adherir al\u00a0<strong>Feriado Nacional del D\u00eda\u00a0del trabajador de Estado<\/strong>, dispuesto para este \u00a0<strong>martes 27 de Junio,<\/strong>\u00a0por lo tanto, no habr\u00e1 actividad acad\u00e9mica\u00a0ni administrativa en todo el \u00e1mbito\u00a0de la Universidad y por consiguiente, de nuestra Facultad.<\/p>\n","protected":false},"excerpt":{"rendered":"<p>Desde la Facultad de Ciencias Econ\u00f3micas\u00a0queremos informar que se reprogram\u00f3 de la Prueba de Suficiencia \u2013 Tercera Instancia para el mi\u00e9rcoles 28 de Junio, debido a que la Universidad Nacional de Tucum\u00e1n decidi\u00f3 adherir al\u00a0Feriado Nacional del D\u00eda\u00a0del trabajador de Estado, dispuesto para este \u00a0martes 27 de Junio,\u00a0por lo tanto, no habr\u00e1 actividad acad\u00e9mica\u00a0ni administrativa [&hellip;]<\/p>\n","protected":false},"author":2,"featured_media":5472,"comment_status":"open","ping_status":"open","sticky":false,"template":"","format":"standard","meta":{"_et_pb_use_builder":"","_et_pb_old_content":"","_et_gb_content_width":"","footnotes":""},"categories":[4],"tags":[],"_links":{"self":[{"href":"https:\/\/face.unt.edu.ar\/web\/wp-json\/wp\/v2\/posts\/5501"}],"collection":[{"href":"https:\/\/face.unt.edu.ar\/web\/wp-json\/wp\/v2\/posts"}],"about":[{"href":"https:\/\/face.unt.edu.ar\/web\/wp-json\/wp\/v2\/types\/post"}],"author":[{"embeddable":true,"href":"https:\/\/face.unt.edu.ar\/web\/wp-json\/wp\/v2\/users\/2"}],"replies":[{"embeddable":true,"href":"https:\/\/face.unt.edu.ar\/web\/wp-json\/wp\/v2\/comments?post=5501"}],"version-history":[{"count":1,"href":"https:\/\/face.unt.edu.ar\/web\/wp-json\/wp\/v2\/posts\/5501\/revisions"}],"predecessor-version":[{"id":5502,"href":"https:\/\/face.unt.edu.ar\/web\/wp-json\/wp\/v2\/posts\/5501\/revisions\/5502"}],"wp:featuredmedia":[{"embeddable":true,"href":"https:\/\/face.unt.edu.ar\/web\/wp-json\/wp\/v2\/media\/5472"}],"wp:attachment":[{"href":"https:\/\/face.unt.edu.ar\/web\/wp-json\/wp\/v2\/media?parent=5501"}],"wp:term":[{"taxonomy":"category","embeddable":true,"href":"https:\/\/face.unt.edu.ar\/web\/wp-json\/wp\/v2\/categories?post=5501"},{"taxonomy":"post_tag","embeddable":true,"href":"https:\/\/face.unt.edu.ar\/web\/wp-json\/wp\/v2\/tags?post=5501"}],"curies":[{"name":"wp","href":"https:\/\/api.w.org\/{rel}","templated":true}]}}